{"id":3752,"date":"2025-06-30T08:44:29","date_gmt":"2025-06-30T08:44:29","guid":{"rendered":"https:\/\/www.wildgardening.de\/?p=3752"},"modified":"2025-06-30T08:48:00","modified_gmt":"2025-06-30T08:48:00","slug":"wuenschen-hilft-etwas","status":"publish","type":"post","link":"https:\/\/www.wildgardening.de\/?p=3752","title":{"rendered":"W\u00fcnschen hilft \u2013 etwas"},"content":{"rendered":"\n<figure class=\"wp-block-image size-full\"><a href=\"https:\/\/www.wildgardening.de\/wp-content\/uploads\/2025\/06\/opener.jpeg\"><img decoding=\"async\" loading=\"lazy\" width=\"640\" height=\"424\" src=\"https:\/\/www.wildgardening.de\/wp-content\/uploads\/2025\/06\/opener.jpeg\" alt=\"\" class=\"wp-image-3753\" srcset=\"https:\/\/www.wildgardening.de\/wp-content\/uploads\/2025\/06\/opener.jpeg 640w, https:\/\/www.wildgardening.de\/wp-content\/uploads\/2025\/06\/opener-300x199.jpeg 300w\" sizes=\"(max-width: 640px) 100vw, 640px\" \/><\/a><\/figure>\n\n\n\n<p>Sechs Tage ohne Niederschlag: Das war bei uns die l\u00e4ngste regenfreie Periode im Juni. Auch mengenm\u00e4\u00dfig haben wir uns mit 81,75 mm (nach 51,25 mm im Mai) weiter verbessert. Insgesamt also eine entspanntere Situation f\u00fcr die Flora. Vielleicht hat mein W\u00fcnschen ja tats\u00e4chlich etwas geholfen. Die Woche vor Sommeranfang machte deutlich, dass wir uns jetzt wirklich der n\u00e4chsten Jahreszeit n\u00e4hern: P\u00fcnktlich am 21. Juni kletterte das Thermometer hier auf 42 Grad in der Sonne. Im Schatten war es mit 26 Grad immerhin noch gut auszuhalten. Dem bisherigen Temperaturh\u00f6hepunkt des Jahres folgten wieder sch\u00f6ne Regenschauer \u2013 diese Balance darf gerne den ganzen Sommer so gehalten werden.<\/p>\n\n\n\n<figure class=\"wp-block-image size-full\"><a href=\"https:\/\/www.wildgardening.de\/wp-content\/uploads\/2025\/06\/Beet.jpeg\"><img decoding=\"async\" loading=\"lazy\" width=\"640\" height=\"424\" src=\"https:\/\/www.wildgardening.de\/wp-content\/uploads\/2025\/06\/Beet.jpeg\" alt=\"\" class=\"wp-image-3754\" srcset=\"https:\/\/www.wildgardening.de\/wp-content\/uploads\/2025\/06\/Beet.jpeg 640w, https:\/\/www.wildgardening.de\/wp-content\/uploads\/2025\/06\/Beet-300x199.jpeg 300w\" sizes=\"(max-width: 640px) 100vw, 640px\" \/><\/a><\/figure>\n\n\n\n<p class=\"has-text-align-center\">Nicht nur in den Wiesen laufen die Gr\u00e4ser zur Hochform auf, auch in unseren Beeten finden sich zwischen den Stauden verschiedene Arten. Hier zaubert besonders <em>Briza media<\/em> ein sonniges Flirren vor Salbei und Co. Das Mittlere Zittergras samt sich selbstst\u00e4ndig aus, sodass es nach einigen Jahren in fast allen sonnigen Beeten auftaucht. Macht nichts, sieht immer gut aus<\/p>\n\n\n\n<figure class=\"wp-block-image size-full\"><a href=\"https:\/\/www.wildgardening.de\/wp-content\/uploads\/2025\/06\/Mohn.jpeg\"><img decoding=\"async\" loading=\"lazy\" width=\"640\" height=\"424\" src=\"https:\/\/www.wildgardening.de\/wp-content\/uploads\/2025\/06\/Mohn.jpeg\" alt=\"\" class=\"wp-image-3755\" srcset=\"https:\/\/www.wildgardening.de\/wp-content\/uploads\/2025\/06\/Mohn.jpeg 640w, https:\/\/www.wildgardening.de\/wp-content\/uploads\/2025\/06\/Mohn-300x199.jpeg 300w\" sizes=\"(max-width: 640px) 100vw, 640px\" \/><\/a><\/figure>\n\n\n\n<p class=\"has-text-align-center\">Der einj\u00e4hrige Saat-Mohn (<em>Papaver dubium<\/em>) l\u00e4sst sich ebenfalls \u00fcberall nieder, wo ihm die Bodenverh\u00e4ltnisse zusagen: Er liebt besonders trockene Sandb\u00f6den, gerne kalkarm \u2013 da ist er bei uns genau richtig<\/p>\n\n\n\n<figure class=\"wp-block-image size-full\"><a href=\"https:\/\/www.wildgardening.de\/wp-content\/uploads\/2025\/06\/Akelei.jpeg\"><img decoding=\"async\" loading=\"lazy\" width=\"640\" height=\"424\" src=\"https:\/\/www.wildgardening.de\/wp-content\/uploads\/2025\/06\/Akelei.jpeg\" alt=\"\" class=\"wp-image-3756\" srcset=\"https:\/\/www.wildgardening.de\/wp-content\/uploads\/2025\/06\/Akelei.jpeg 640w, https:\/\/www.wildgardening.de\/wp-content\/uploads\/2025\/06\/Akelei-300x199.jpeg 300w\" sizes=\"(max-width: 640px) 100vw, 640px\" \/><\/a><\/figure>\n\n\n\n<p class=\"has-text-align-center\">Diese Strategie verfolgt auch die Gew\u00f6hnliche Akelei (<em>Aquilegia vulgaris<\/em>). Ihre Samen werden durch Wind und mittels tierischer Hilfe verbreitet. Vor allem Hummeln versorgen sich hier mit Pollen und Nektar. Neben der Wildform haben wir ein paar Zuchtformen im Garten. Beide bevorzugen bei uns eher halbschattige Standorte, in den sonnigen Bereichen ist es ihnen zu trocken<\/p>\n\n\n\n<figure class=\"wp-block-image size-full\"><a href=\"https:\/\/www.wildgardening.de\/wp-content\/uploads\/2025\/06\/Rosa-multiflora.jpeg\"><img decoding=\"async\" loading=\"lazy\" width=\"640\" height=\"425\" src=\"https:\/\/www.wildgardening.de\/wp-content\/uploads\/2025\/06\/Rosa-multiflora.jpeg\" alt=\"\" class=\"wp-image-3757\" srcset=\"https:\/\/www.wildgardening.de\/wp-content\/uploads\/2025\/06\/Rosa-multiflora.jpeg 640w, https:\/\/www.wildgardening.de\/wp-content\/uploads\/2025\/06\/Rosa-multiflora-300x199.jpeg 300w\" sizes=\"(max-width: 640px) 100vw, 640px\" \/><\/a><\/figure>\n\n\n\n<p class=\"has-text-align-center\">Ein weiterer Insektenmagnet ist <em>Rosa multiflora<\/em>. Die Vielbl\u00fctige Rose muss den Weg in unseren Garten als blinder Passagier gefunden haben \u2013 vor ein paar Jahren war sie pl\u00f6tzlich da. Ich freue mich sehr dar\u00fcber, da die Wildrose nicht nur viel Pollen bereitstellt, sondern auch leckere Hagebutten f\u00fcr die V\u00f6gel. Sie ist zudem extrem anspruchslos und windet sich mit ihren dornenlosen (!) Zweigen h\u00fcbsch in nebenstehende B\u00e4ume, in diesem Fall in die Korkenzieher-Hasel<\/p>\n\n\n\n<figure class=\"wp-block-image size-full\"><a href=\"https:\/\/www.wildgardening.de\/wp-content\/uploads\/2025\/06\/Raupen.jpeg\"><img decoding=\"async\" loading=\"lazy\" width=\"640\" height=\"425\" src=\"https:\/\/www.wildgardening.de\/wp-content\/uploads\/2025\/06\/Raupen.jpeg\" alt=\"\" class=\"wp-image-3758\" srcset=\"https:\/\/www.wildgardening.de\/wp-content\/uploads\/2025\/06\/Raupen.jpeg 640w, https:\/\/www.wildgardening.de\/wp-content\/uploads\/2025\/06\/Raupen-300x199.jpeg 300w\" sizes=\"(max-width: 640px) 100vw, 640px\" \/><\/a><\/figure>\n\n\n\n<p class=\"has-text-align-center\">Einen sehr speziellen Nutzen bietet das Jakobs-Greiskraut: <em>Senecio jacobaea<\/em> ist die bevorzugte Futterpflanze f\u00fcr die schwarz-gelb geringelten Raupen des Blutb\u00e4ren. Hier haben sie schon ganze Arbeit geleistet. Im Hintergrund leuchten die dunkelrosa Bl\u00fcten der Heide-Nelke (<em>Dianthus deltoides<\/em>), sie sind bei anderen Faltern sehr beliebt<\/p>\n\n\n\n<figure class=\"wp-block-image size-full\"><a href=\"https:\/\/www.wildgardening.de\/wp-content\/uploads\/2025\/06\/Blutbaer.jpeg\"><img decoding=\"async\" loading=\"lazy\" width=\"640\" height=\"425\" src=\"https:\/\/www.wildgardening.de\/wp-content\/uploads\/2025\/06\/Blutbaer.jpeg\" alt=\"\" class=\"wp-image-3759\" srcset=\"https:\/\/www.wildgardening.de\/wp-content\/uploads\/2025\/06\/Blutbaer.jpeg 640w, https:\/\/www.wildgardening.de\/wp-content\/uploads\/2025\/06\/Blutbaer-300x199.jpeg 300w\" sizes=\"(max-width: 640px) 100vw, 640px\" \/><\/a><\/figure>\n\n\n\n<p class=\"has-text-align-center\">Raupen und Falter signalisieren durch ihre auff\u00e4llige Farbigkeit, dass sie giftig sind \u2013 bei den V\u00f6geln als ihren Fressfeinden kommt die Botschaft an<\/p>\n\n\n\n<figure class=\"wp-block-image size-full\"><a href=\"https:\/\/www.wildgardening.de\/wp-content\/uploads\/2025\/06\/Tigermotte.jpeg\"><img decoding=\"async\" loading=\"lazy\" width=\"640\" height=\"425\" src=\"https:\/\/www.wildgardening.de\/wp-content\/uploads\/2025\/06\/Tigermotte.jpeg\" alt=\"\" class=\"wp-image-3760\" srcset=\"https:\/\/www.wildgardening.de\/wp-content\/uploads\/2025\/06\/Tigermotte.jpeg 640w, https:\/\/www.wildgardening.de\/wp-content\/uploads\/2025\/06\/Tigermotte-300x199.jpeg 300w\" sizes=\"(max-width: 640px) 100vw, 640px\" \/><\/a><\/figure>\n\n\n\n<p class=\"has-text-align-center\">F\u00fcr mich eine Erstsichtung bei uns im Garten: die Wei\u00dfe Tigermotte. Auch sie will nicht als Vogelfutter enden. Die Falter ruhen tags\u00fcber und stellen sich bei St\u00f6rungen tot. Da der Nachtfalter schlecht schmeckt und ebenfalls leicht giftig ist, wird er auch ohne abschreckende Farbgebung von V\u00f6geln gemieden. F\u00fcr seine Raupen ist der Tisch reich gedeckt. Sie futtern sich an L\u00f6wenzahn, Brennnesseln, Holunder, Besenginster und Brombeeren satt<\/p>\n\n\n\n<figure class=\"wp-block-image size-full\"><a href=\"https:\/\/www.wildgardening.de\/wp-content\/uploads\/2025\/06\/Kitz.jpeg\"><img decoding=\"async\" loading=\"lazy\" width=\"640\" height=\"360\" src=\"https:\/\/www.wildgardening.de\/wp-content\/uploads\/2025\/06\/Kitz.jpeg\" alt=\"\" class=\"wp-image-3761\" srcset=\"https:\/\/www.wildgardening.de\/wp-content\/uploads\/2025\/06\/Kitz.jpeg 640w, https:\/\/www.wildgardening.de\/wp-content\/uploads\/2025\/06\/Kitz-300x169.jpeg 300w\" sizes=\"(max-width: 640px) 100vw, 640px\" \/><\/a><\/figure>\n\n\n\n<p class=\"has-text-align-center\">Im Juni-Post darf nat\u00fcrlich unser allj\u00e4hrlicher Rehwild-Nachwuchs nicht fehlen, der einen ebenso reich gedeckten Futtertisch vorfindet: Dieses L\u00fctte ist eines von vier Kitzen, die drei Ricken bei uns aufziehen\u00a0<\/p>\n","protected":false},"excerpt":{"rendered":"<p>Sechs Tage ohne Niederschlag: Das war bei uns die l\u00e4ngste regenfreie Periode im Juni. Auch mengenm\u00e4\u00dfig haben wir uns mit 81,75 mm (nach 51,25 mm im Mai) weiter verbessert. Insgesamt also eine entspanntere Situation f\u00fcr die Flora. Vielleicht hat mein &hellip; <a href=\"https:\/\/www.wildgardening.de\/?p=3752\">Weiterlesen <span class=\"meta-nav\">&rarr;<\/span><\/a><\/p>\n","protected":false},"author":4,"featured_media":3759,"comment_status":"open","ping_status":"closed","sticky":false,"template":"","format":"standard","meta":[],"categories":[1,70,77,5,78],"tags":[79,68],"aioseo_notices":[],"_links":{"self":[{"href":"https:\/\/www.wildgardening.de\/index.php?rest_route=\/wp\/v2\/posts\/3752"}],"collection":[{"href":"https:\/\/www.wildgardening.de\/index.php?rest_route=\/wp\/v2\/posts"}],"about":[{"href":"https:\/\/www.wildgardening.de\/index.php?rest_route=\/wp\/v2\/types\/post"}],"author":[{"embeddable":true,"href":"https:\/\/www.wildgardening.de\/index.php?rest_route=\/wp\/v2\/users\/4"}],"replies":[{"embeddable":true,"href":"https:\/\/www.wildgardening.de\/index.php?rest_route=%2Fwp%2Fv2%2Fcomments&post=3752"}],"version-history":[{"count":3,"href":"https:\/\/www.wildgardening.de\/index.php?rest_route=\/wp\/v2\/posts\/3752\/revisions"}],"predecessor-version":[{"id":3765,"href":"https:\/\/www.wildgardening.de\/index.php?rest_route=\/wp\/v2\/posts\/3752\/revisions\/3765"}],"wp:featuredmedia":[{"embeddable":true,"href":"https:\/\/www.wildgardening.de\/index.php?rest_route=\/wp\/v2\/media\/3759"}],"wp:attachment":[{"href":"https:\/\/www.wildgardening.de\/index.php?rest_route=%2Fwp%2Fv2%2Fmedia&parent=3752"}],"wp:term":[{"taxonomy":"category","embeddable":true,"href":"https:\/\/www.wildgardening.de\/index.php?rest_route=%2Fwp%2Fv2%2Fcategories&post=3752"},{"taxonomy":"post_tag","embeddable":true,"href":"https:\/\/www.wildgardening.de\/index.php?rest_route=%2Fwp%2Fv2%2Ftags&post=3752"}],"curies":[{"name":"wp","href":"https:\/\/api.w.org\/{rel}","templated":true}]}}