{"id":3711,"date":"2025-02-26T08:07:47","date_gmt":"2025-02-26T08:07:47","guid":{"rendered":"https:\/\/www.wildgardening.de\/?p=3711"},"modified":"2025-02-26T08:07:49","modified_gmt":"2025-02-26T08:07:49","slug":"dry-february","status":"publish","type":"post","link":"https:\/\/www.wildgardening.de\/?p=3711","title":{"rendered":"Dry February"},"content":{"rendered":"\n<figure class=\"wp-block-image size-full\"><a href=\"https:\/\/www.wildgardening.de\/wp-content\/uploads\/2025\/02\/Opener.jpeg\"><img decoding=\"async\" loading=\"lazy\" width=\"640\" height=\"425\" src=\"https:\/\/www.wildgardening.de\/wp-content\/uploads\/2025\/02\/Opener.jpeg\" alt=\"\" class=\"wp-image-3712\" srcset=\"https:\/\/www.wildgardening.de\/wp-content\/uploads\/2025\/02\/Opener.jpeg 640w, https:\/\/www.wildgardening.de\/wp-content\/uploads\/2025\/02\/Opener-300x199.jpeg 300w\" sizes=\"(max-width: 640px) 100vw, 640px\" \/><\/a><\/figure>\n\n\n\n<p>Okay, heute und morgen soll es noch regnen \u2013 jedoch sind keine Wolkenbr\u00fcche vorhergesagt. Die Chancen stehen also gut, dass der Februar 2025 mit bis dato 7 mm Niederschlag bei uns als der trockenste Monat seit November 2011 gelten kann: Damals fielen sogar nur 5 mm. Daf\u00fcr fiel das Thermometer nachts an 17 Tagen unter die Frostgrenze, der Negativrekord lag bei immerhin guten minus 10 Grad. Entsprechend \u00f6ffneten die Fr\u00fchbl\u00fcher \u2013 Ausnahme: die hartgesottenen Schneegl\u00f6ckchen \u2013 deutlich sp\u00e4ter ihre Bl\u00fcten. Was nat\u00fcrlich passte, da die Abnehmer f\u00fcr Nektar und Pollen ebenfalls noch in ihren Winterverstecken verharrten.<\/p>\n\n\n\n<figure class=\"wp-block-image size-full\"><a href=\"https:\/\/www.wildgardening.de\/wp-content\/uploads\/2025\/02\/Raureif.jpeg\"><img decoding=\"async\" loading=\"lazy\" width=\"640\" height=\"425\" src=\"https:\/\/www.wildgardening.de\/wp-content\/uploads\/2025\/02\/Raureif.jpeg\" alt=\"\" class=\"wp-image-3713\" srcset=\"https:\/\/www.wildgardening.de\/wp-content\/uploads\/2025\/02\/Raureif.jpeg 640w, https:\/\/www.wildgardening.de\/wp-content\/uploads\/2025\/02\/Raureif-300x199.jpeg 300w\" sizes=\"(max-width: 640px) 100vw, 640px\" \/><\/a><\/figure>\n\n\n\n<p class=\"has-text-align-center\">Im Schatten konnte sich der Raureif an kalten Februartagen trotz w\u00e4rmender Sonnenstrahlen zumindest in Bodenn\u00e4he f\u00fcr lange Stunden halten<\/p>\n\n\n\n<figure class=\"wp-block-image size-full\"><a href=\"https:\/\/www.wildgardening.de\/wp-content\/uploads\/2025\/02\/Corylus_avellana.jpeg\"><img decoding=\"async\" loading=\"lazy\" width=\"640\" height=\"424\" src=\"https:\/\/www.wildgardening.de\/wp-content\/uploads\/2025\/02\/Corylus_avellana.jpeg\" alt=\"\" class=\"wp-image-3714\" srcset=\"https:\/\/www.wildgardening.de\/wp-content\/uploads\/2025\/02\/Corylus_avellana.jpeg 640w, https:\/\/www.wildgardening.de\/wp-content\/uploads\/2025\/02\/Corylus_avellana-300x199.jpeg 300w\" sizes=\"(max-width: 640px) 100vw, 640px\" \/><\/a><\/figure>\n\n\n\n<p class=\"has-text-align-center\">Die Gemeine Hasel (<em>Corylus avellana<\/em>) nimmt auf die Minusgrade keine R\u00fccksicht: M\u00e4nnliche K\u00e4tzchenbl\u00fcten zieren in langen St\u00e4nden h\u00e4ngend die Zweige und warten auf die ersten Best\u00e4uber<\/p>\n\n\n\n<figure class=\"wp-block-image size-full\"><a href=\"https:\/\/www.wildgardening.de\/wp-content\/uploads\/2025\/02\/Parrotia_persica.jpeg\"><img decoding=\"async\" loading=\"lazy\" width=\"640\" height=\"424\" src=\"https:\/\/www.wildgardening.de\/wp-content\/uploads\/2025\/02\/Parrotia_persica.jpeg\" alt=\"\" class=\"wp-image-3715\" srcset=\"https:\/\/www.wildgardening.de\/wp-content\/uploads\/2025\/02\/Parrotia_persica.jpeg 640w, https:\/\/www.wildgardening.de\/wp-content\/uploads\/2025\/02\/Parrotia_persica-300x199.jpeg 300w\" sizes=\"(max-width: 640px) 100vw, 640px\" \/><\/a><\/figure>\n\n\n\n<p class=\"has-text-align-center\">Seit f\u00fcnf Jahren bl\u00fchen auch unsere <em>Parrotia persicas<\/em> zuverl\u00e4ssig im Sp\u00e4twinter. Das Persische Eisenholz \u00f6ffnet seine zu kleinen K\u00f6pfchen arrangierten Bl\u00fcten \u00fcber sternf\u00f6rmigen dunklen Hochbl\u00e4ttern \u2013 immer wieder ein skurriler Anblick<\/p>\n\n\n\n<figure class=\"wp-block-image size-full\"><a href=\"https:\/\/www.wildgardening.de\/wp-content\/uploads\/2025\/02\/Galanthus.jpeg\"><img decoding=\"async\" loading=\"lazy\" width=\"640\" height=\"424\" src=\"https:\/\/www.wildgardening.de\/wp-content\/uploads\/2025\/02\/Galanthus.jpeg\" alt=\"\" class=\"wp-image-3716\" srcset=\"https:\/\/www.wildgardening.de\/wp-content\/uploads\/2025\/02\/Galanthus.jpeg 640w, https:\/\/www.wildgardening.de\/wp-content\/uploads\/2025\/02\/Galanthus-300x199.jpeg 300w\" sizes=\"(max-width: 640px) 100vw, 640px\" \/><\/a><\/figure>\n\n\n\n<p class=\"has-text-align-center\">Ebenso zuverl\u00e4ssig starten die Schneegl\u00f6ckchen in jedem Winter mit ihrer Bl\u00fcte: Hier wachsen <em>Galanthus nivalis<\/em>, <em>Galanthus nivalis \u201aFlore Pleno\u2018<\/em> mit gef\u00fcllten Bl\u00fcten und duftende, gro\u00dfbl\u00fctige <em>Galanthus \u201aS. Arnott\u2018<\/em> zwischen Magnolien und Bambus<\/p>\n\n\n\n<figure class=\"wp-block-image size-full\"><a href=\"https:\/\/www.wildgardening.de\/wp-content\/uploads\/2025\/02\/Morgenrot.jpeg\"><img decoding=\"async\" loading=\"lazy\" width=\"640\" height=\"424\" src=\"https:\/\/www.wildgardening.de\/wp-content\/uploads\/2025\/02\/Morgenrot.jpeg\" alt=\"\" class=\"wp-image-3717\" srcset=\"https:\/\/www.wildgardening.de\/wp-content\/uploads\/2025\/02\/Morgenrot.jpeg 640w, https:\/\/www.wildgardening.de\/wp-content\/uploads\/2025\/02\/Morgenrot-300x199.jpeg 300w\" sizes=\"(max-width: 640px) 100vw, 640px\" \/><\/a><\/figure>\n\n\n\n<p class=\"has-text-align-center\">Das malerische Morgenrot stellte zwar t\u00fcchtig Niederschlag in Aussicht \u2013 tats\u00e4chlich lag die Regenmenge an diesem Tag aber nur bei 1 mm<\/p>\n","protected":false},"excerpt":{"rendered":"<p>Okay, heute und morgen soll es noch regnen \u2013 jedoch sind keine Wolkenbr\u00fcche vorhergesagt. Die Chancen stehen also gut, dass der Februar 2025 mit bis dato 7 mm Niederschlag bei uns als der trockenste Monat seit November 2011 gelten kann: &hellip; <a href=\"https:\/\/www.wildgardening.de\/?p=3711\">Weiterlesen <span class=\"meta-nav\">&rarr;<\/span><\/a><\/p>\n","protected":false},"author":4,"featured_media":3712,"comment_status":"open","ping_status":"closed","sticky":false,"template":"","format":"standard","meta":[],"categories":[1,9,7],"tags":[20,25,62],"aioseo_notices":[],"_links":{"self":[{"href":"https:\/\/www.wildgardening.de\/index.php?rest_route=\/wp\/v2\/posts\/3711"}],"collection":[{"href":"https:\/\/www.wildgardening.de\/index.php?rest_route=\/wp\/v2\/posts"}],"about":[{"href":"https:\/\/www.wildgardening.de\/index.php?rest_route=\/wp\/v2\/types\/post"}],"author":[{"embeddable":true,"href":"https:\/\/www.wildgardening.de\/index.php?rest_route=\/wp\/v2\/users\/4"}],"replies":[{"embeddable":true,"href":"https:\/\/www.wildgardening.de\/index.php?rest_route=%2Fwp%2Fv2%2Fcomments&post=3711"}],"version-history":[{"count":1,"href":"https:\/\/www.wildgardening.de\/index.php?rest_route=\/wp\/v2\/posts\/3711\/revisions"}],"predecessor-version":[{"id":3718,"href":"https:\/\/www.wildgardening.de\/index.php?rest_route=\/wp\/v2\/posts\/3711\/revisions\/3718"}],"wp:featuredmedia":[{"embeddable":true,"href":"https:\/\/www.wildgardening.de\/index.php?rest_route=\/wp\/v2\/media\/3712"}],"wp:attachment":[{"href":"https:\/\/www.wildgardening.de\/index.php?rest_route=%2Fwp%2Fv2%2Fmedia&parent=3711"}],"wp:term":[{"taxonomy":"category","embeddable":true,"href":"https:\/\/www.wildgardening.de\/index.php?rest_route=%2Fwp%2Fv2%2Fcategories&post=3711"},{"taxonomy":"post_tag","embeddable":true,"href":"https:\/\/www.wildgardening.de\/index.php?rest_route=%2Fwp%2Fv2%2Ftags&post=3711"}],"curies":[{"name":"wp","href":"https:\/\/api.w.org\/{rel}","templated":true}]}}