{"id":3580,"date":"2024-04-24T13:08:07","date_gmt":"2024-04-24T13:08:07","guid":{"rendered":"https:\/\/www.wildgardening.de\/?p=3580"},"modified":"2024-04-24T13:08:08","modified_gmt":"2024-04-24T13:08:08","slug":"frueher-start","status":"publish","type":"post","link":"https:\/\/www.wildgardening.de\/?p=3580","title":{"rendered":"Fr\u00fcher Start"},"content":{"rendered":"\n<figure class=\"wp-block-image size-full\"><a href=\"https:\/\/www.wildgardening.de\/wp-content\/uploads\/2024\/04\/Opener.jpeg\"><img decoding=\"async\" loading=\"lazy\" width=\"640\" height=\"424\" src=\"https:\/\/www.wildgardening.de\/wp-content\/uploads\/2024\/04\/Opener.jpeg\" alt=\"\" class=\"wp-image-3581\" srcset=\"https:\/\/www.wildgardening.de\/wp-content\/uploads\/2024\/04\/Opener.jpeg 640w, https:\/\/www.wildgardening.de\/wp-content\/uploads\/2024\/04\/Opener-300x199.jpeg 300w\" sizes=\"(max-width: 640px) 100vw, 640px\" \/><\/a><\/figure>\n\n\n\n<p>Das ist ein echter Fr\u00fchstart: Rund vier Wochen vor dem bei uns sonst \u00fcblichen Dufth\u00f6hepunkt \u00f6ffnet der Gew\u00f6hnliche Flieder (<em>Syringa vulgaris<\/em>) in diesem Jahr seine Bl\u00fcten. Kein Wunder, folgten doch auf den bereits sehr milden M\u00e4rz weitere Tage mit durchg\u00e4ngig zweistelligen Temperaturen im Plusbereich (zurzeit allerdings unsch\u00f6n begleitet von einigen frostigen Nachtstunden \u2013 war ja klar). Und auch der Regen floss wieder \u00fcppiger, was den Wachstumsmotor zus\u00e4tzlich ankurbelte. Jetzt hoffe ich nur, dass der ebenfalls fr\u00fche Austrieb von sp\u00e4tfrostgef\u00e4hrdeten Kandidaten wie dem Katsurabaum (<em>Cercidiphyllum japonicum<\/em>) wenigstens den Vorteil hat, dass die bereits vollst\u00e4ndig ausgebildeten Bl\u00e4tter resistenter auf die Minusgrade reagieren als sich gerade erst frisch entfaltende. Die kommenden Tage werden es zeigen.<\/p>\n\n\n\n<figure class=\"wp-block-image size-full\"><a href=\"https:\/\/www.wildgardening.de\/wp-content\/uploads\/2024\/04\/Flieder.jpeg\"><img decoding=\"async\" loading=\"lazy\" width=\"640\" height=\"424\" src=\"https:\/\/www.wildgardening.de\/wp-content\/uploads\/2024\/04\/Flieder.jpeg\" alt=\"\" class=\"wp-image-3582\" srcset=\"https:\/\/www.wildgardening.de\/wp-content\/uploads\/2024\/04\/Flieder.jpeg 640w, https:\/\/www.wildgardening.de\/wp-content\/uploads\/2024\/04\/Flieder-300x199.jpeg 300w\" sizes=\"(max-width: 640px) 100vw, 640px\" \/><\/a><\/figure>\n\n\n\n<p class=\"has-text-align-center\">Die dunklen Fliederbl\u00fctenst\u00e4nde kontrastieren sch\u00f6n mit den wei\u00dfen Kirschbl\u00fcten<\/p>\n\n\n\n<figure class=\"wp-block-image size-full\"><a href=\"https:\/\/www.wildgardening.de\/wp-content\/uploads\/2024\/04\/Prunus.jpeg\"><img decoding=\"async\" loading=\"lazy\" width=\"640\" height=\"424\" src=\"https:\/\/www.wildgardening.de\/wp-content\/uploads\/2024\/04\/Prunus.jpeg\" alt=\"\" class=\"wp-image-3583\" srcset=\"https:\/\/www.wildgardening.de\/wp-content\/uploads\/2024\/04\/Prunus.jpeg 640w, https:\/\/www.wildgardening.de\/wp-content\/uploads\/2024\/04\/Prunus-300x199.jpeg 300w\" sizes=\"(max-width: 640px) 100vw, 640px\" \/><\/a><\/figure>\n\n\n\n<p class=\"has-text-align-center\">Auch die japanische Zierkirsche (die Sorte ist leider unbekannt) war in diesem Jahr \u00fcber und \u00fcber mit rosa Bl\u00fcteb\u00e4uschen geschm\u00fcckt<\/p>\n\n\n\n<figure class=\"wp-block-image size-full\"><a href=\"https:\/\/www.wildgardening.de\/wp-content\/uploads\/2024\/04\/Tulipa.jpeg\"><img decoding=\"async\" loading=\"lazy\" width=\"640\" height=\"424\" src=\"https:\/\/www.wildgardening.de\/wp-content\/uploads\/2024\/04\/Tulipa.jpeg\" alt=\"\" class=\"wp-image-3584\" srcset=\"https:\/\/www.wildgardening.de\/wp-content\/uploads\/2024\/04\/Tulipa.jpeg 640w, https:\/\/www.wildgardening.de\/wp-content\/uploads\/2024\/04\/Tulipa-300x199.jpeg 300w\" sizes=\"(max-width: 640px) 100vw, 640px\" \/><\/a><\/figure>\n\n\n\n<p class=\"has-text-align-center\">Pinker Akzent zwischen frischgr\u00fcnen Brandkrautbl\u00e4ttern (<em>Phlomis russelina<\/em>)<\/p>\n\n\n\n<figure class=\"wp-block-image size-full\"><a href=\"https:\/\/www.wildgardening.de\/wp-content\/uploads\/2024\/04\/Blacky.jpeg\"><img decoding=\"async\" loading=\"lazy\" width=\"640\" height=\"424\" src=\"https:\/\/www.wildgardening.de\/wp-content\/uploads\/2024\/04\/Blacky.jpeg\" alt=\"\" class=\"wp-image-3585\" srcset=\"https:\/\/www.wildgardening.de\/wp-content\/uploads\/2024\/04\/Blacky.jpeg 640w, https:\/\/www.wildgardening.de\/wp-content\/uploads\/2024\/04\/Blacky-300x199.jpeg 300w\" sizes=\"(max-width: 640px) 100vw, 640px\" \/><\/a><\/figure>\n\n\n\n<p class=\"has-text-align-center\">Schwarzbrauner Akzent zwischen gelben Narzissenbl\u00fcten und den gelben Halmen von <em>Phyllostachys aureosulcata \u201aSpectabilis\u2018<\/em>: Der Rehbock \u2013 von uns liebevoll Blacky genannt \u2013 ist vor zwei Jahren bei uns im Garten geboren worden. Seine regelm\u00e4\u00dfigen Besuche deuten darauf hin, dass er das Futterangebot nach wie vor zu sch\u00e4tzen wei\u00df<\/p>\n\n\n\n<figure class=\"wp-block-image size-full\"><a href=\"https:\/\/www.wildgardening.de\/wp-content\/uploads\/2024\/04\/Anemone_nemososa.jpeg\"><img decoding=\"async\" loading=\"lazy\" width=\"640\" height=\"424\" src=\"https:\/\/www.wildgardening.de\/wp-content\/uploads\/2024\/04\/Anemone_nemososa.jpeg\" alt=\"\" class=\"wp-image-3586\" srcset=\"https:\/\/www.wildgardening.de\/wp-content\/uploads\/2024\/04\/Anemone_nemososa.jpeg 640w, https:\/\/www.wildgardening.de\/wp-content\/uploads\/2024\/04\/Anemone_nemososa-300x199.jpeg 300w\" sizes=\"(max-width: 640px) 100vw, 640px\" \/><\/a><\/figure>\n\n\n\n<p class=\"has-text-align-center\">Das Rehwild hat inzwischen echte Feinschmecker-Gene entwickelt \u2013 auch vor den zarten Bl\u00fcten der Buschwindr\u00f6schen (<em>Anemone nemorosa<\/em>) machen sie nicht halt<\/p>\n\n\n\n<figure class=\"wp-block-image size-full\"><a href=\"https:\/\/www.wildgardening.de\/wp-content\/uploads\/2024\/04\/Farne.jpeg\"><img decoding=\"async\" loading=\"lazy\" width=\"640\" height=\"424\" src=\"https:\/\/www.wildgardening.de\/wp-content\/uploads\/2024\/04\/Farne.jpeg\" alt=\"\" class=\"wp-image-3587\" srcset=\"https:\/\/www.wildgardening.de\/wp-content\/uploads\/2024\/04\/Farne.jpeg 640w, https:\/\/www.wildgardening.de\/wp-content\/uploads\/2024\/04\/Farne-300x199.jpeg 300w\" sizes=\"(max-width: 640px) 100vw, 640px\" \/><\/a><\/figure>\n\n\n\n<p class=\"has-text-align-center\">Bisher (!) verschont bleiben die jungen Bl\u00e4tter des sich langsam, aber sicher \u00fcber kriechende Rhizome ausbreitenden Farns. Die trichterf\u00f6rmige Wuchsform legt nahe, dass es sich hier um eine Art der Gattung <em>Matteuccia<\/em> (Strau\u00dffarn oder Trichterfarn) handelt. Wir haben ihn nicht gepflanzt, daher r\u00e4tsele ich etwas. Denn die <em>Matteuccia<\/em>-Arten bilden normalerweise im Zentrum des Trichters fertile, k\u00fcrzere Bl\u00e4tter aus, die ich bei diesen Pflanzen noch nie gesehen habe. Zudem treibt dieser Farn deutlich fr\u00fcher aus als unser <em>Matteuccia struthiopteris<\/em><\/p>\n\n\n\n<figure class=\"wp-block-image size-full\"><a href=\"https:\/\/www.wildgardening.de\/wp-content\/uploads\/2024\/04\/Matteuccia.jpeg\"><img decoding=\"async\" loading=\"lazy\" width=\"640\" height=\"424\" src=\"https:\/\/www.wildgardening.de\/wp-content\/uploads\/2024\/04\/Matteuccia.jpeg\" alt=\"\" class=\"wp-image-3588\" srcset=\"https:\/\/www.wildgardening.de\/wp-content\/uploads\/2024\/04\/Matteuccia.jpeg 640w, https:\/\/www.wildgardening.de\/wp-content\/uploads\/2024\/04\/Matteuccia-300x199.jpeg 300w\" sizes=\"(max-width: 640px) 100vw, 640px\" \/><\/a><\/figure>\n\n\n\n<p class=\"has-text-align-center\">Die gekauften <em>Matteuccia-struthiopteris<\/em>-Pflanzen bilden fertile Wedel \u2013 selbst junge Exemplare. Sie reifen dunkelbraun aus und rollen sich strau\u00dfenfederartig zusammen (daher der deutsche Name Strau\u00dffarn). In ihnen \u00fcberwintern die Sporen. Vielleicht entdecke ich ja diesen Sommer in dem Bestand der unbekannten Art mal welche, ich bin gespannt<\/p>\n\n\n\n<figure class=\"wp-block-image size-full\"><a href=\"https:\/\/www.wildgardening.de\/wp-content\/uploads\/2024\/04\/Sundown_klein.jpeg\"><img decoding=\"async\" loading=\"lazy\" width=\"640\" height=\"360\" src=\"https:\/\/www.wildgardening.de\/wp-content\/uploads\/2024\/04\/Sundown_klein.jpeg\" alt=\"\" class=\"wp-image-3589\" srcset=\"https:\/\/www.wildgardening.de\/wp-content\/uploads\/2024\/04\/Sundown_klein.jpeg 640w, https:\/\/www.wildgardening.de\/wp-content\/uploads\/2024\/04\/Sundown_klein-300x169.jpeg 300w\" sizes=\"(max-width: 640px) 100vw, 640px\" \/><\/a><\/figure>\n\n\n\n<p class=\"has-text-align-center\">Der April bescherte uns nicht nur viele warme Stunden, sondern auch einige spektakul\u00e4re Sonnenunterg\u00e4nge. Wundervoller Ausklang nach einem aktiven Gartentag<\/p>\n\n\n\n<figure class=\"wp-block-image size-full\"><a href=\"https:\/\/www.wildgardening.de\/wp-content\/uploads\/2024\/04\/Sonnenuntergang.jpeg\"><img decoding=\"async\" loading=\"lazy\" width=\"640\" height=\"424\" src=\"https:\/\/www.wildgardening.de\/wp-content\/uploads\/2024\/04\/Sonnenuntergang.jpeg\" alt=\"\" class=\"wp-image-3590\" srcset=\"https:\/\/www.wildgardening.de\/wp-content\/uploads\/2024\/04\/Sonnenuntergang.jpeg 640w, https:\/\/www.wildgardening.de\/wp-content\/uploads\/2024\/04\/Sonnenuntergang-300x199.jpeg 300w\" sizes=\"(max-width: 640px) 100vw, 640px\" \/><\/a><\/figure>\n\n\n\n<p>Nachtrag: Schon 24 Stunden sp\u00e4ter ist klar, dass mein Wunschdenken sich nicht erf\u00fcllt. In der N\u00e4he des Katsurabaums steigt mir der typische leckere Lebkuchengeruch in die Nase \u2013 im Herbst ein deutliches Indiz daf\u00fcr, dass die Bl\u00e4tter nach frostigen Stunden fallen werden. Das wird auch jetzt bei einigen passieren. Da hilft nur die Hoffnung auf einen zweiten Austrieb.<\/p>\n","protected":false},"excerpt":{"rendered":"<p>Das ist ein echter Fr\u00fchstart: Rund vier Wochen vor dem bei uns sonst \u00fcblichen Dufth\u00f6hepunkt \u00f6ffnet der Gew\u00f6hnliche Flieder (Syringa vulgaris) in diesem Jahr seine Bl\u00fcten. Kein Wunder, folgten doch auf den bereits sehr milden M\u00e4rz weitere Tage mit durchg\u00e4ngig &hellip; <a href=\"https:\/\/www.wildgardening.de\/?p=3580\">Weiterlesen <span class=\"meta-nav\">&rarr;<\/span><\/a><\/p>\n","protected":false},"author":4,"featured_media":3581,"comment_status":"open","ping_status":"closed","sticky":false,"template":"","format":"standard","meta":[],"categories":[1,9,4,59,78],"tags":[20,39,25],"aioseo_notices":[],"_links":{"self":[{"href":"https:\/\/www.wildgardening.de\/index.php?rest_route=\/wp\/v2\/posts\/3580"}],"collection":[{"href":"https:\/\/www.wildgardening.de\/index.php?rest_route=\/wp\/v2\/posts"}],"about":[{"href":"https:\/\/www.wildgardening.de\/index.php?rest_route=\/wp\/v2\/types\/post"}],"author":[{"embeddable":true,"href":"https:\/\/www.wildgardening.de\/index.php?rest_route=\/wp\/v2\/users\/4"}],"replies":[{"embeddable":true,"href":"https:\/\/www.wildgardening.de\/index.php?rest_route=%2Fwp%2Fv2%2Fcomments&post=3580"}],"version-history":[{"count":1,"href":"https:\/\/www.wildgardening.de\/index.php?rest_route=\/wp\/v2\/posts\/3580\/revisions"}],"predecessor-version":[{"id":3591,"href":"https:\/\/www.wildgardening.de\/index.php?rest_route=\/wp\/v2\/posts\/3580\/revisions\/3591"}],"wp:featuredmedia":[{"embeddable":true,"href":"https:\/\/www.wildgardening.de\/index.php?rest_route=\/wp\/v2\/media\/3581"}],"wp:attachment":[{"href":"https:\/\/www.wildgardening.de\/index.php?rest_route=%2Fwp%2Fv2%2Fmedia&parent=3580"}],"wp:term":[{"taxonomy":"category","embeddable":true,"href":"https:\/\/www.wildgardening.de\/index.php?rest_route=%2Fwp%2Fv2%2Fcategories&post=3580"},{"taxonomy":"post_tag","embeddable":true,"href":"https:\/\/www.wildgardening.de\/index.php?rest_route=%2Fwp%2Fv2%2Ftags&post=3580"}],"curies":[{"name":"wp","href":"https:\/\/api.w.org\/{rel}","templated":true}]}}