{"id":3137,"date":"2021-05-26T09:08:01","date_gmt":"2021-05-26T09:08:01","guid":{"rendered":"https:\/\/www.wildgardening.de\/?p=3137"},"modified":"2021-05-26T09:08:03","modified_gmt":"2021-05-26T09:08:03","slug":"fruehling-auf-play","status":"publish","type":"post","link":"https:\/\/www.wildgardening.de\/?p=3137","title":{"rendered":"Fr\u00fchling auf Play"},"content":{"rendered":"\n<figure class=\"wp-block-image size-large\"><a href=\"https:\/\/www.wildgardening.de\/wp-content\/uploads\/2021\/05\/Opener_Cotinus.jpg\"><img decoding=\"async\" loading=\"lazy\" width=\"640\" height=\"424\" src=\"https:\/\/www.wildgardening.de\/wp-content\/uploads\/2021\/05\/Opener_Cotinus.jpg\" alt=\"\" class=\"wp-image-3138\" srcset=\"https:\/\/www.wildgardening.de\/wp-content\/uploads\/2021\/05\/Opener_Cotinus.jpg 640w, https:\/\/www.wildgardening.de\/wp-content\/uploads\/2021\/05\/Opener_Cotinus-300x199.jpg 300w\" sizes=\"(max-width: 640px) 100vw, 640px\" \/><\/a><\/figure>\n\n\n\n<p>Keine Ahnung, bei welchem Anblick von zartem Gr\u00fcn es genau losging: \u201eDer Mai ist gekommen, die B\u00e4ume schlagen aus \u2026\u201c. Dieser Song hat sich seit ein paar Wochen ohrwurmm\u00e4\u00dfig bei mir festgesetzt. Kaum bin ich drau\u00dfen im Garten, wird die Play-Taste gedr\u00fcckt! Lautlos, nur in Gedanken, soweit habe ich mich schon noch unter Kontrolle. Sp\u00e4tromantisches Liedgut z\u00e4hlt nicht zu meinen musikalischen Leidenschaften, aber aus der Nummer komm ich grade nicht raus. Vielleicht ist es einfach die Freude dar\u00fcber, dass die Natur nach einem gef\u00fchlt langen Winter nun endlich explodiert. Bei moderaten Temperaturen (selbst an den Eisheiligen \u2013 sonst fast Garanten f\u00fcr Sp\u00e4tfr\u00f6ste bei uns \u2013 waren es deutlich \u00fcber null Grad) und regelm\u00e4\u00dfigen Regenschauern (bis dato schon mehr als 100 mm Niederschlag) fassten letztendlich doch alle Pflanzen den Mut, mit dem Austrieb zu beginnen.<\/p>\n\n\n\n<figure class=\"wp-block-image size-large\"><a href=\"https:\/\/www.wildgardening.de\/wp-content\/uploads\/2021\/05\/Gleditsia.jpg\"><img decoding=\"async\" loading=\"lazy\" width=\"640\" height=\"424\" src=\"https:\/\/www.wildgardening.de\/wp-content\/uploads\/2021\/05\/Gleditsia.jpg\" alt=\"\" class=\"wp-image-3139\" srcset=\"https:\/\/www.wildgardening.de\/wp-content\/uploads\/2021\/05\/Gleditsia.jpg 640w, https:\/\/www.wildgardening.de\/wp-content\/uploads\/2021\/05\/Gleditsia-300x199.jpg 300w\" sizes=\"(max-width: 640px) 100vw, 640px\" \/><\/a><figcaption>Die Gold-Gleditschie macht ihrem Namen schon jetzt alle Ehre: Filigran zeigen sich die ersten Bl\u00e4ttchen bei <em>Gleditsia triacanthos \u201aSunburst\u2018 <\/em>in herrlichem Goldgr\u00fcn<\/figcaption><\/figure>\n\n\n\n<figure class=\"wp-block-image size-large\"><a href=\"https:\/\/www.wildgardening.de\/wp-content\/uploads\/2021\/05\/Juglans_regia.jpg\"><img decoding=\"async\" loading=\"lazy\" width=\"640\" height=\"424\" src=\"https:\/\/www.wildgardening.de\/wp-content\/uploads\/2021\/05\/Juglans_regia.jpg\" alt=\"\" class=\"wp-image-3140\" srcset=\"https:\/\/www.wildgardening.de\/wp-content\/uploads\/2021\/05\/Juglans_regia.jpg 640w, https:\/\/www.wildgardening.de\/wp-content\/uploads\/2021\/05\/Juglans_regia-300x199.jpg 300w\" sizes=\"(max-width: 640px) 100vw, 640px\" \/><\/a><figcaption>Junges Laub von <em>Juglans regia<\/em> changiert im Gegenlicht. Sollte es in diesem Jahr tats\u00e4chlich klappen, dass die m\u00e4nnlichen und weiblichen Bl\u00fcten der Walnuss ohne Frostschaden davonkommen? Zurzeit sieht es so aus und n\u00e4hrt die Hoffnung auf eine gute Nussernte<\/figcaption><\/figure>\n\n\n\n<figure class=\"wp-block-image size-large\"><a href=\"https:\/\/www.wildgardening.de\/wp-content\/uploads\/2021\/05\/Betula.jpg\"><img decoding=\"async\" loading=\"lazy\" width=\"640\" height=\"424\" src=\"https:\/\/www.wildgardening.de\/wp-content\/uploads\/2021\/05\/Betula.jpg\" alt=\"\" class=\"wp-image-3141\" srcset=\"https:\/\/www.wildgardening.de\/wp-content\/uploads\/2021\/05\/Betula.jpg 640w, https:\/\/www.wildgardening.de\/wp-content\/uploads\/2021\/05\/Betula-300x199.jpg 300w\" sizes=\"(max-width: 640px) 100vw, 640px\" \/><\/a><figcaption>Fast ein Synonym f\u00fcr Fr\u00fchling: helles Birkengr\u00fcn, hier von <em>Betula pendula<\/em><\/figcaption><\/figure>\n\n\n\n<figure class=\"wp-block-image size-large\"><a href=\"https:\/\/www.wildgardening.de\/wp-content\/uploads\/2021\/05\/Quercus_palustris.jpg\"><img decoding=\"async\" loading=\"lazy\" width=\"640\" height=\"424\" src=\"https:\/\/www.wildgardening.de\/wp-content\/uploads\/2021\/05\/Quercus_palustris.jpg\" alt=\"\" class=\"wp-image-3142\" srcset=\"https:\/\/www.wildgardening.de\/wp-content\/uploads\/2021\/05\/Quercus_palustris.jpg 640w, https:\/\/www.wildgardening.de\/wp-content\/uploads\/2021\/05\/Quercus_palustris-300x199.jpg 300w\" sizes=\"(max-width: 640px) 100vw, 640px\" \/><\/a><figcaption>H\u00fcbsch gelockt pr\u00e4sentieren die Sumpfeichen (<em>Quercus palustris<\/em>) ihre frischen Bl\u00e4tter<\/figcaption><\/figure>\n\n\n\n<figure class=\"wp-block-image size-large\"><a href=\"https:\/\/www.wildgardening.de\/wp-content\/uploads\/2021\/05\/Fagus.jpg\"><img decoding=\"async\" loading=\"lazy\" width=\"640\" height=\"424\" src=\"https:\/\/www.wildgardening.de\/wp-content\/uploads\/2021\/05\/Fagus.jpg\" alt=\"\" class=\"wp-image-3143\" srcset=\"https:\/\/www.wildgardening.de\/wp-content\/uploads\/2021\/05\/Fagus.jpg 640w, https:\/\/www.wildgardening.de\/wp-content\/uploads\/2021\/05\/Fagus-300x199.jpg 300w\" sizes=\"(max-width: 640px) 100vw, 640px\" \/><\/a><figcaption>Kr\u00e4ftig dunkelrot im Austrieb zieht <em>Fagus sylvatica \u201aPurpurea\u2018<\/em> die Blicke auf sich<\/figcaption><\/figure>\n\n\n\n<figure class=\"wp-block-image size-large\"><a href=\"https:\/\/www.wildgardening.de\/wp-content\/uploads\/2021\/05\/Sporobolus.jpg\"><img decoding=\"async\" loading=\"lazy\" width=\"640\" height=\"424\" src=\"https:\/\/www.wildgardening.de\/wp-content\/uploads\/2021\/05\/Sporobolus.jpg\" alt=\"\" class=\"wp-image-3144\" srcset=\"https:\/\/www.wildgardening.de\/wp-content\/uploads\/2021\/05\/Sporobolus.jpg 640w, https:\/\/www.wildgardening.de\/wp-content\/uploads\/2021\/05\/Sporobolus-300x199.jpg 300w\" sizes=\"(max-width: 640px) 100vw, 640px\" \/><\/a><figcaption>Der Regen sorgte immer wieder f\u00fcr sch\u00f6ne Lichteffekte: Kleine Tropfen zieren die feinen Halme des Fallsamengrases (<em>Sporobolus heterolepis<\/em>) nach einem kr\u00e4ftigen Schauer. An den glatten dicken Bl\u00e4ttern von <em>Hylotelephium \u201aHerbstfreude\u2018<\/em> l\u00e4uft das Wasser einfach ab<\/figcaption><\/figure>\n\n\n\n<figure class=\"wp-block-image size-large\"><a href=\"https:\/\/www.wildgardening.de\/wp-content\/uploads\/2021\/05\/Lupinus.jpg\"><img decoding=\"async\" loading=\"lazy\" width=\"640\" height=\"424\" src=\"https:\/\/www.wildgardening.de\/wp-content\/uploads\/2021\/05\/Lupinus.jpg\" alt=\"\" class=\"wp-image-3145\" srcset=\"https:\/\/www.wildgardening.de\/wp-content\/uploads\/2021\/05\/Lupinus.jpg 640w, https:\/\/www.wildgardening.de\/wp-content\/uploads\/2021\/05\/Lupinus-300x199.jpg 300w\" sizes=\"(max-width: 640px) 100vw, 640px\" \/><\/a><figcaption>Tolle Wassertropfen-Sammler sind auch die gefingerten Bl\u00e4tter der Vielbl\u00e4ttrigen Lupine (<em>Lupinus polyphyllus<\/em>). Die kr\u00e4ftige Staude wird mit ihren gro\u00dfen Bl\u00fctentrauben in den kommenden Wochen das Bild in einigen Bereichen unserer sonnigen Wiesen bestimmen<\/figcaption><\/figure>\n\n\n\n<figure class=\"wp-block-image size-large\"><a href=\"https:\/\/www.wildgardening.de\/wp-content\/uploads\/2021\/05\/Tellima_grandiflora.jpg\"><img decoding=\"async\" loading=\"lazy\" width=\"640\" height=\"424\" src=\"https:\/\/www.wildgardening.de\/wp-content\/uploads\/2021\/05\/Tellima_grandiflora.jpg\" alt=\"\" class=\"wp-image-3147\" srcset=\"https:\/\/www.wildgardening.de\/wp-content\/uploads\/2021\/05\/Tellima_grandiflora.jpg 640w, https:\/\/www.wildgardening.de\/wp-content\/uploads\/2021\/05\/Tellima_grandiflora-300x199.jpg 300w\" sizes=\"(max-width: 640px) 100vw, 640px\" \/><\/a><figcaption>In den Schattenbeeten hingegen f\u00fchlt sich <em>Tellima grandiflora<\/em> bei uns richtig wohl. Die Falsche Alraunwurzel s\u00e4t sich reichlich selbst aus und besiedelt so jedes Fleckchen freie Erde, das sie findet<\/figcaption><\/figure>\n\n\n\n<figure class=\"wp-block-image size-large\"><a href=\"https:\/\/www.wildgardening.de\/wp-content\/uploads\/2021\/05\/Carex_pendula1.jpg\"><img decoding=\"async\" loading=\"lazy\" width=\"640\" height=\"424\" src=\"https:\/\/www.wildgardening.de\/wp-content\/uploads\/2021\/05\/Carex_pendula1.jpg\" alt=\"\" class=\"wp-image-3148\" srcset=\"https:\/\/www.wildgardening.de\/wp-content\/uploads\/2021\/05\/Carex_pendula1.jpg 640w, https:\/\/www.wildgardening.de\/wp-content\/uploads\/2021\/05\/Carex_pendula1-300x199.jpg 300w\" sizes=\"(max-width: 640px) 100vw, 640px\" \/><\/a><figcaption>Ebenfalls willig versamt sich <em>Carex pendula<\/em>, wenn man sie l\u00e4sst. Im Halbschatten an unserem kleinen Teich bieten die wintergr\u00fcnen Horste der Riesen-Segge \u2013 neben Totholzstapeln \u2013 Fr\u00f6schen, Kr\u00f6ten und anderen Tieren gute Versteckm\u00f6glichkeiten<\/figcaption><\/figure>\n\n\n\n<figure class=\"wp-block-image size-large\"><a href=\"https:\/\/www.wildgardening.de\/wp-content\/uploads\/2021\/05\/Carex_pendula.jpg\"><img decoding=\"async\" loading=\"lazy\" width=\"640\" height=\"424\" src=\"https:\/\/www.wildgardening.de\/wp-content\/uploads\/2021\/05\/Carex_pendula.jpg\" alt=\"\" class=\"wp-image-3149\" srcset=\"https:\/\/www.wildgardening.de\/wp-content\/uploads\/2021\/05\/Carex_pendula.jpg 640w, https:\/\/www.wildgardening.de\/wp-content\/uploads\/2021\/05\/Carex_pendula-300x199.jpg 300w\" sizes=\"(max-width: 640px) 100vw, 640px\" \/><\/a><figcaption>W\u00e4hrend die meisten Pflanzen in ihrer Entwicklung in diesem Jahr etwas sp\u00e4ter dran sind, bl\u00fcht <em>Carex pendula<\/em> 2021 erstaunlich fr\u00fch. An den m\u00e4nnlichen und weiblichen Bl\u00fcten\u00e4hren haben sich die Staubbeutel schon walzenf\u00f6rmig aufgeplustert und sind hoch motiviert, f\u00fcr Nachwuchs zu sorgen<\/figcaption><\/figure>\n\n\n\n<figure class=\"wp-block-image size-large\"><a href=\"https:\/\/www.wildgardening.de\/wp-content\/uploads\/2021\/05\/Barbarea_vulgaris.jpg\"><img decoding=\"async\" loading=\"lazy\" width=\"640\" height=\"424\" src=\"https:\/\/www.wildgardening.de\/wp-content\/uploads\/2021\/05\/Barbarea_vulgaris.jpg\" alt=\"\" class=\"wp-image-3150\" srcset=\"https:\/\/www.wildgardening.de\/wp-content\/uploads\/2021\/05\/Barbarea_vulgaris.jpg 640w, https:\/\/www.wildgardening.de\/wp-content\/uploads\/2021\/05\/Barbarea_vulgaris-300x199.jpg 300w\" sizes=\"(max-width: 640px) 100vw, 640px\" \/><\/a><figcaption>Neu angesiedelt hat sich das zweij\u00e4hrige Gew\u00f6hnliche Barbarakraut (<em>Barbarea vulgaris<\/em>), dessen Bl\u00e4tter man als Salat oder Gem\u00fcse genie\u00dfen kann. Die Pflanze ist auch unter dem Namen Winterkresse bekannt, man ahnt, warum: Die kresse\u00e4hnlich schmeckenden Bl\u00e4tter lassen sich bis in den Winter hinein ernten. Werden wir versuchen<\/figcaption><\/figure>\n","protected":false},"excerpt":{"rendered":"<p>Keine Ahnung, bei welchem Anblick von zartem Gr\u00fcn es genau losging: \u201eDer Mai ist gekommen, die B\u00e4ume schlagen aus \u2026\u201c. Dieser Song hat sich seit ein paar Wochen ohrwurmm\u00e4\u00dfig bei mir festgesetzt. Kaum bin ich drau\u00dfen im Garten, wird die &hellip; <a href=\"https:\/\/www.wildgardening.de\/?p=3137\">Weiterlesen <span class=\"meta-nav\">&rarr;<\/span><\/a><\/p>\n","protected":false},"author":4,"featured_media":3138,"comment_status":"open","ping_status":"closed","sticky":false,"template":"","format":"standard","meta":[],"categories":[1,9,4,70,10],"tags":[],"aioseo_notices":[],"_links":{"self":[{"href":"https:\/\/www.wildgardening.de\/index.php?rest_route=\/wp\/v2\/posts\/3137"}],"collection":[{"href":"https:\/\/www.wildgardening.de\/index.php?rest_route=\/wp\/v2\/posts"}],"about":[{"href":"https:\/\/www.wildgardening.de\/index.php?rest_route=\/wp\/v2\/types\/post"}],"author":[{"embeddable":true,"href":"https:\/\/www.wildgardening.de\/index.php?rest_route=\/wp\/v2\/users\/4"}],"replies":[{"embeddable":true,"href":"https:\/\/www.wildgardening.de\/index.php?rest_route=%2Fwp%2Fv2%2Fcomments&post=3137"}],"version-history":[{"count":3,"href":"https:\/\/www.wildgardening.de\/index.php?rest_route=\/wp\/v2\/posts\/3137\/revisions"}],"predecessor-version":[{"id":3152,"href":"https:\/\/www.wildgardening.de\/index.php?rest_route=\/wp\/v2\/posts\/3137\/revisions\/3152"}],"wp:featuredmedia":[{"embeddable":true,"href":"https:\/\/www.wildgardening.de\/index.php?rest_route=\/wp\/v2\/media\/3138"}],"wp:attachment":[{"href":"https:\/\/www.wildgardening.de\/index.php?rest_route=%2Fwp%2Fv2%2Fmedia&parent=3137"}],"wp:term":[{"taxonomy":"category","embeddable":true,"href":"https:\/\/www.wildgardening.de\/index.php?rest_route=%2Fwp%2Fv2%2Fcategories&post=3137"},{"taxonomy":"post_tag","embeddable":true,"href":"https:\/\/www.wildgardening.de\/index.php?rest_route=%2Fwp%2Fv2%2Ftags&post=3137"}],"curies":[{"name":"wp","href":"https:\/\/api.w.org\/{rel}","templated":true}]}}