{"id":2555,"date":"2018-04-27T13:21:57","date_gmt":"2018-04-27T13:21:57","guid":{"rendered":"https:\/\/www.wildgardening.de\/?p=2555"},"modified":"2018-04-27T13:21:57","modified_gmt":"2018-04-27T13:21:57","slug":"von-braunen-blaettern-und-bunten-blueten","status":"publish","type":"post","link":"https:\/\/www.wildgardening.de\/?p=2555","title":{"rendered":"Von braunen Bl\u00e4ttern und bunten Bl\u00fcten"},"content":{"rendered":"<p>Da hat uns der M\u00e4rz grad unmissverst\u00e4ndlich klargemacht, dass man sich bitte sch\u00f6n definitiv nicht VOR dem kalendarischen Ende einer Jahreszeit \u00fcber ihren schlussendlichen Verlauf freuen sollte. Schon keimt wieder Hoffnung auf: Haben wir vielleicht in diesem Jahr endlich mal Gl\u00fcck \u2013 und bleiben tats\u00e4chlich von fiesen, heimt\u00fcckischen Sp\u00e4tfr\u00f6sten verschont!? Kein hysterisches Schnuppern an den Katsurab\u00e4umen (<em>Cercidiphyllum japonicum<\/em>), ob die vorwitzig fr\u00fch austreibenden, herzf\u00f6rmigen Bl\u00e4tter etwa nach Lebkuchengew\u00fcrz duften? Denn das w\u00e4re ein untr\u00fcgliches Zeichen daf\u00fcr, dass die Temperatur unter den Nullpunkt gerutscht ist. Kein Totalverlust der wunderbar \u00fcppig angesetzten Wisteria-sinensis-Bl\u00fcten, bevor sie auch nur die Chance auf das \u00d6ffnen ihrer Knospen hatten?<\/p>\n<p>Die M\u00f6glichkeit besteht: Der April hat diesmal bei uns auf seine gern genommenen Wettereskapaden verzichtet (die eine Woche Sommer werten wir nat\u00fcrlich nicht als Eskapade!) und durch den k\u00fchlen Fr\u00fchjahrsstart haben sich alle Pflanzen mit zu euphorischem Fr\u00fchaustrieb zur\u00fcckgehalten. Aber klar: Die Eisheiligen h\u00e4ngen noch wie ein Damoklesschwert \u00fcber ihnen. Da ist noch alles drin. Wenn auch die Prognosen zurzeit ja ganz gut aussehen. Es k\u00f6nnte also klappen &#8230;<\/p>\n<p>Lassen wir das Spekulieren und werfen noch mal einen kurzen Blick zur\u00fcck auf das Bambusdesaster. Beim Aufr\u00e4umen zeigte sich, dass insgesamt sechs Halme von <em>Phyllostachys aureosulcata \u201aAureocaulis\u2019<\/em> und f\u00fcnf Halme von <em>Phyllostachys vivax \u201aHuangwenzhu\u2019 <\/em>\u2013 darunter Exemplare von 8,60 Metern L\u00e4nge \u2013 vom st\u00fcrmisch-b\u00f6igen Ostwind aus der Erde gehebelt wurden.<\/p>\n<h5 style=\"text-align: center;\"><img decoding=\"async\" loading=\"lazy\" class=\"aligncenter size-full wp-image-2557\" src=\"https:\/\/www.wildgardening.de\/wp-content\/uploads\/2018\/04\/Halmbruch.jpg\" alt=\"\" width=\"640\" height=\"424\" srcset=\"https:\/\/www.wildgardening.de\/wp-content\/uploads\/2018\/04\/Halmbruch.jpg 640w, https:\/\/www.wildgardening.de\/wp-content\/uploads\/2018\/04\/Halmbruch-300x199.jpg 300w\" sizes=\"(max-width: 640px) 100vw, 640px\" \/>Hat Opfer gefordert: Statt aufrecht stolz in den Himmel zu ragen, werden die vom Ostwind quasi gef\u00e4llten Halme aufgeastet und zur sp\u00e4teren Verwendung unterm Schuppendach deponiert<\/h5>\n<h5 style=\"text-align: center;\"><img decoding=\"async\" loading=\"lazy\" class=\"aligncenter size-full wp-image-2558\" src=\"https:\/\/www.wildgardening.de\/wp-content\/uploads\/2018\/04\/Bissetii.jpg\" alt=\"\" width=\"640\" height=\"424\" srcset=\"https:\/\/www.wildgardening.de\/wp-content\/uploads\/2018\/04\/Bissetii.jpg 640w, https:\/\/www.wildgardening.de\/wp-content\/uploads\/2018\/04\/Bissetii-300x199.jpg 300w\" sizes=\"(max-width: 640px) 100vw, 640px\" \/>Das gab es auch noch nie bei uns: Selbst der super robuste <em>Phyllostachys bissetii <\/em>musste ordentlich Blattsch\u00e4den einstecken<\/h5>\n<p>Erfreulicherweise wird der traurige Anblick der braunen Bl\u00e4tter nun aber t\u00e4glich durch immer mehr sprie\u00dfendes Gr\u00fcn und bunte Bl\u00fctenpracht wettgemacht.<\/p>\n<h5 style=\"text-align: center;\"><img decoding=\"async\" loading=\"lazy\" class=\"aligncenter size-full wp-image-2565\" src=\"https:\/\/www.wildgardening.de\/wp-content\/uploads\/2018\/04\/Anemone_blanda_white_splendour.jpg\" alt=\"\" width=\"640\" height=\"424\" srcset=\"https:\/\/www.wildgardening.de\/wp-content\/uploads\/2018\/04\/Anemone_blanda_white_splendour.jpg 640w, https:\/\/www.wildgardening.de\/wp-content\/uploads\/2018\/04\/Anemone_blanda_white_splendour-300x199.jpg 300w\" sizes=\"(max-width: 640px) 100vw, 640px\" \/>Unter den gro\u00dfen Eichen setzen die au\u00dfen mit einem leichten Ros\u00e9-Hauch \u00fcberzogenen Bl\u00fcten von <em>Anemone blanda \u201aWhite Splendour\u2019<\/em> fr\u00f6hliche Lichtpunkte im vom Herbst verbliebenen Laub<\/h5>\n<h5 style=\"text-align: center;\"><img decoding=\"async\" loading=\"lazy\" class=\"aligncenter size-full wp-image-2566\" src=\"https:\/\/www.wildgardening.de\/wp-content\/uploads\/2018\/04\/Anemone_nemorosa.jpg\" alt=\"\" width=\"640\" height=\"424\" srcset=\"https:\/\/www.wildgardening.de\/wp-content\/uploads\/2018\/04\/Anemone_nemorosa.jpg 640w, https:\/\/www.wildgardening.de\/wp-content\/uploads\/2018\/04\/Anemone_nemorosa-300x199.jpg 300w\" sizes=\"(max-width: 640px) 100vw, 640px\" \/><em>Anemone nemorosa<\/em> \u00f6ffnete ihre strahlend wei\u00dfen Bl\u00fcten nur wenige Tage sp\u00e4ter<\/h5>\n<h5 style=\"text-align: center;\"><img decoding=\"async\" loading=\"lazy\" class=\"aligncenter size-full wp-image-2568\" src=\"https:\/\/www.wildgardening.de\/wp-content\/uploads\/2018\/04\/Magnolia_Leonnard_Messel.jpg\" alt=\"\" width=\"640\" height=\"424\" srcset=\"https:\/\/www.wildgardening.de\/wp-content\/uploads\/2018\/04\/Magnolia_Leonnard_Messel.jpg 640w, https:\/\/www.wildgardening.de\/wp-content\/uploads\/2018\/04\/Magnolia_Leonnard_Messel-300x199.jpg 300w\" sizes=\"(max-width: 640px) 100vw, 640px\" \/>Apropos sp\u00e4ter: Gut eine Woche sp\u00e4ter als im vergangenen Jahr konnten wir die zahlreichen schwebenden Bl\u00fctensterne von <em>Magnolia x loebneri \u201aLeonard Messel\u2019 <\/em>bewundern<\/h5>\n<h5 style=\"text-align: center;\"><img decoding=\"async\" loading=\"lazy\" class=\"aligncenter size-full wp-image-2567\" src=\"https:\/\/www.wildgardening.de\/wp-content\/uploads\/2018\/04\/Magnolia_stellata.jpg\" alt=\"\" width=\"640\" height=\"424\" srcset=\"https:\/\/www.wildgardening.de\/wp-content\/uploads\/2018\/04\/Magnolia_stellata.jpg 640w, https:\/\/www.wildgardening.de\/wp-content\/uploads\/2018\/04\/Magnolia_stellata-300x199.jpg 300w\" sizes=\"(max-width: 640px) 100vw, 640px\" \/>Und die von <em>Magnolia stellata<\/em><\/h5>\n<h5 style=\"text-align: center;\"><img decoding=\"async\" loading=\"lazy\" class=\"aligncenter size-full wp-image-2561\" src=\"https:\/\/www.wildgardening.de\/wp-content\/uploads\/2018\/04\/Narcissus_und_mehr.jpg\" alt=\"\" width=\"640\" height=\"424\" srcset=\"https:\/\/www.wildgardening.de\/wp-content\/uploads\/2018\/04\/Narcissus_und_mehr.jpg 640w, https:\/\/www.wildgardening.de\/wp-content\/uploads\/2018\/04\/Narcissus_und_mehr-300x199.jpg 300w\" sizes=\"(max-width: 640px) 100vw, 640px\" \/>Kein Fr\u00fchling ohne Gelb: Unsere Narzissen in der Wiese entwickeln sich langsam, aber stetig<\/h5>\n<h5 style=\"text-align: center;\"><img decoding=\"async\" loading=\"lazy\" class=\"aligncenter size-full wp-image-2559\" src=\"https:\/\/www.wildgardening.de\/wp-content\/uploads\/2018\/04\/Narcissus_oben.jpg\" alt=\"\" width=\"640\" height=\"424\" srcset=\"https:\/\/www.wildgardening.de\/wp-content\/uploads\/2018\/04\/Narcissus_oben.jpg 640w, https:\/\/www.wildgardening.de\/wp-content\/uploads\/2018\/04\/Narcissus_oben-300x199.jpg 300w\" sizes=\"(max-width: 640px) 100vw, 640px\" \/>Der Blick Richtung Feld. Zum Verwildern haben wir <em>Narcissus \u201aCarlton\u2019<\/em> und <em>N. \u201aIce Follies\u2019 <\/em>gew\u00e4hlt<\/h5>\n<h5 style=\"text-align: center;\"><img decoding=\"async\" loading=\"lazy\" class=\"aligncenter size-full wp-image-2556\" src=\"https:\/\/www.wildgardening.de\/wp-content\/uploads\/2018\/04\/Narcissus_neuer_Drift.jpg\" alt=\"\" width=\"640\" height=\"424\" srcset=\"https:\/\/www.wildgardening.de\/wp-content\/uploads\/2018\/04\/Narcissus_neuer_Drift.jpg 640w, https:\/\/www.wildgardening.de\/wp-content\/uploads\/2018\/04\/Narcissus_neuer_Drift-300x199.jpg 300w\" sizes=\"(max-width: 640px) 100vw, 640px\" \/>Jedes Jahr kommen neue Drifts hinzu<\/h5>\n<h5 style=\"text-align: center;\"><img decoding=\"async\" loading=\"lazy\" class=\"aligncenter size-full wp-image-2562\" src=\"https:\/\/www.wildgardening.de\/wp-content\/uploads\/2018\/04\/Physocarpus.jpg\" alt=\"\" width=\"640\" height=\"424\" srcset=\"https:\/\/www.wildgardening.de\/wp-content\/uploads\/2018\/04\/Physocarpus.jpg 640w, https:\/\/www.wildgardening.de\/wp-content\/uploads\/2018\/04\/Physocarpus-300x199.jpg 300w\" sizes=\"(max-width: 640px) 100vw, 640px\" \/>Auch mit Bl\u00e4ttern kann man gelbe Highlights setzen: Hier strahlt die Blasenspiere <em>Physocarpus opulifolius \u201aDart\u2019s Gold\u2019<\/em> im Sonnenschein<\/h5>\n<h5 style=\"text-align: center;\"><img decoding=\"async\" loading=\"lazy\" class=\"aligncenter size-full wp-image-2560\" src=\"https:\/\/www.wildgardening.de\/wp-content\/uploads\/2018\/04\/Amelanchier_Forsythia.jpg\" alt=\"\" width=\"640\" height=\"424\" srcset=\"https:\/\/www.wildgardening.de\/wp-content\/uploads\/2018\/04\/Amelanchier_Forsythia.jpg 640w, https:\/\/www.wildgardening.de\/wp-content\/uploads\/2018\/04\/Amelanchier_Forsythia-300x199.jpg 300w\" sizes=\"(max-width: 640px) 100vw, 640px\" \/>Durch das mit zarten Bl\u00fcten durchwirkte Ge\u00e4st von <em>Amelanchier lamarckii<\/em> leuchtet das satte Gelb von <em>Forsythia x intermedia \u201aLynwood\u2019<\/em><\/h5>\n<p>Charmante Mitglieder des Fr\u00fchjahrs-Bl\u00fchensembles sind zudem die Fr\u00fchlings-Platterbsen. Mit ihren reizenden Schmetterlingsbl\u00fcten haben sie vor zwei Jahren unsere Herzen erobert und sind in die Staudenbeete gezogen, wo sie im Vordergrund zuverl\u00e4ssig f\u00fcr Farbe sorgen.<\/p>\n<h5 style=\"text-align: center;\"><img decoding=\"async\" loading=\"lazy\" class=\"aligncenter size-full wp-image-2563\" src=\"https:\/\/www.wildgardening.de\/wp-content\/uploads\/2018\/04\/Lathyrus_vernus_purper.jpg\" alt=\"\" width=\"640\" height=\"424\" srcset=\"https:\/\/www.wildgardening.de\/wp-content\/uploads\/2018\/04\/Lathyrus_vernus_purper.jpg 640w, https:\/\/www.wildgardening.de\/wp-content\/uploads\/2018\/04\/Lathyrus_vernus_purper-300x199.jpg 300w\" sizes=\"(max-width: 640px) 100vw, 640px\" \/>Aus den Niederlanden stammt die Sorte <em>\u201aPurper\u2019<\/em> von <em>Lathyrus vernus<\/em><\/h5>\n<h5 style=\"text-align: center;\"><img decoding=\"async\" loading=\"lazy\" class=\"aligncenter size-full wp-image-2564\" src=\"https:\/\/www.wildgardening.de\/wp-content\/uploads\/2018\/04\/Lathyrus_vernus_Blaulichter.jpg\" alt=\"\" width=\"640\" height=\"424\" srcset=\"https:\/\/www.wildgardening.de\/wp-content\/uploads\/2018\/04\/Lathyrus_vernus_Blaulichter.jpg 640w, https:\/\/www.wildgardening.de\/wp-content\/uploads\/2018\/04\/Lathyrus_vernus_Blaulichter-300x199.jpg 300w\" sizes=\"(max-width: 640px) 100vw, 640px\" \/><em>Lathyrus vernus \u201aBlaulichter\u2019<\/em> setzt einen k\u00fchleren Akzent ins frische Gr\u00fcn<\/h5>\n","protected":false},"excerpt":{"rendered":"<p>Da hat uns der M\u00e4rz grad unmissverst\u00e4ndlich klargemacht, dass man sich bitte sch\u00f6n definitiv nicht VOR dem kalendarischen Ende einer Jahreszeit \u00fcber ihren schlussendlichen Verlauf freuen sollte. Schon keimt wieder Hoffnung auf: Haben wir vielleicht in diesem Jahr endlich mal &hellip; <a href=\"https:\/\/www.wildgardening.de\/?p=2555\">Weiterlesen <span class=\"meta-nav\">&rarr;<\/span><\/a><\/p>\n","protected":false},"author":4,"featured_media":2560,"comment_status":"open","ping_status":"closed","sticky":false,"template":"","format":"standard","meta":[],"categories":[1,8,4],"tags":[63,39,61],"aioseo_notices":[],"_links":{"self":[{"href":"https:\/\/www.wildgardening.de\/index.php?rest_route=\/wp\/v2\/posts\/2555"}],"collection":[{"href":"https:\/\/www.wildgardening.de\/index.php?rest_route=\/wp\/v2\/posts"}],"about":[{"href":"https:\/\/www.wildgardening.de\/index.php?rest_route=\/wp\/v2\/types\/post"}],"author":[{"embeddable":true,"href":"https:\/\/www.wildgardening.de\/index.php?rest_route=\/wp\/v2\/users\/4"}],"replies":[{"embeddable":true,"href":"https:\/\/www.wildgardening.de\/index.php?rest_route=%2Fwp%2Fv2%2Fcomments&post=2555"}],"version-history":[{"count":3,"href":"https:\/\/www.wildgardening.de\/index.php?rest_route=\/wp\/v2\/posts\/2555\/revisions"}],"predecessor-version":[{"id":2571,"href":"https:\/\/www.wildgardening.de\/index.php?rest_route=\/wp\/v2\/posts\/2555\/revisions\/2571"}],"wp:featuredmedia":[{"embeddable":true,"href":"https:\/\/www.wildgardening.de\/index.php?rest_route=\/wp\/v2\/media\/2560"}],"wp:attachment":[{"href":"https:\/\/www.wildgardening.de\/index.php?rest_route=%2Fwp%2Fv2%2Fmedia&parent=2555"}],"wp:term":[{"taxonomy":"category","embeddable":true,"href":"https:\/\/www.wildgardening.de\/index.php?rest_route=%2Fwp%2Fv2%2Fcategories&post=2555"},{"taxonomy":"post_tag","embeddable":true,"href":"https:\/\/www.wildgardening.de\/index.php?rest_route=%2Fwp%2Fv2%2Ftags&post=2555"}],"curies":[{"name":"wp","href":"https:\/\/api.w.org\/{rel}","templated":true}]}}