{"id":2474,"date":"2018-01-31T09:49:19","date_gmt":"2018-01-31T09:49:19","guid":{"rendered":"https:\/\/www.wildgardening.de\/?p=2474"},"modified":"2018-01-31T09:49:19","modified_gmt":"2018-01-31T09:49:19","slug":"frostige-momente-und-der-star-des-monats-bambus","status":"publish","type":"post","link":"https:\/\/www.wildgardening.de\/?p=2474","title":{"rendered":"Frostige Momente und der Star des Monats: Bambus"},"content":{"rendered":"<p>Das Wetter l\u00e4sst es endlich zu: Wir k\u00f6nnen wieder im Garten w\u00fchlen. Sonne und Wolken wechselten sich im Januar ab, die Temperaturen bewegten sich zwischen frostfrei und leichtem Frost. Das Thermometer kletterte aber durchaus schon mal in den zweistelligen Plusbereich: Die fr\u00fchbl\u00fchenden Geophyten freuts \u2013 sie stehen alle in den Startl\u00f6chern.<\/p>\n<p>Langsam kann jetzt der Staudenr\u00fcckschnitt beginnen. Da unsere Geophyten haupts\u00e4chlich in den Wiesenbereichen und weniger in den Staudenbeeten stehen, k\u00f6nnen wir das ganz entspannt in den n\u00e4chsten Wochen angehen. Hier dr\u00e4ngt uns kaum ein Fr\u00fchbl\u00fcher mit seinem Wunsch nach Licht und Luft. Lediglich die wilden Tulpen werden von den welken Gr\u00e4sern befreit. Und nat\u00fcrlich kommen auch Stauden und Gr\u00e4ser, die matschig aussehen und flach liegen, weg, aber der Rest darf uns hoffentlich noch zahlreiche sch\u00f6ne winterliche Gartenmomente bescheren.<\/p>\n<p><img decoding=\"async\" loading=\"lazy\" class=\"aligncenter size-full wp-image-2477\" src=\"https:\/\/www.wildgardening.de\/wp-content\/uploads\/2018\/01\/DSC_0027.jpg\" alt=\"\" width=\"640\" height=\"425\" srcset=\"https:\/\/www.wildgardening.de\/wp-content\/uploads\/2018\/01\/DSC_0027.jpg 640w, https:\/\/www.wildgardening.de\/wp-content\/uploads\/2018\/01\/DSC_0027-300x199.jpg 300w\" sizes=\"(max-width: 640px) 100vw, 640px\" \/><\/p>\n<p><img decoding=\"async\" loading=\"lazy\" class=\"aligncenter size-full wp-image-2476\" src=\"https:\/\/www.wildgardening.de\/wp-content\/uploads\/2018\/01\/DSC_0024.jpg\" alt=\"\" width=\"640\" height=\"425\" srcset=\"https:\/\/www.wildgardening.de\/wp-content\/uploads\/2018\/01\/DSC_0024.jpg 640w, https:\/\/www.wildgardening.de\/wp-content\/uploads\/2018\/01\/DSC_0024-300x199.jpg 300w\" sizes=\"(max-width: 640px) 100vw, 640px\" \/><\/p>\n<p><img decoding=\"async\" loading=\"lazy\" class=\"aligncenter size-full wp-image-2478\" src=\"https:\/\/www.wildgardening.de\/wp-content\/uploads\/2018\/01\/DSC_0030.jpg\" alt=\"\" width=\"640\" height=\"425\" srcset=\"https:\/\/www.wildgardening.de\/wp-content\/uploads\/2018\/01\/DSC_0030.jpg 640w, https:\/\/www.wildgardening.de\/wp-content\/uploads\/2018\/01\/DSC_0030-300x199.jpg 300w\" sizes=\"(max-width: 640px) 100vw, 640px\" \/><\/p>\n<p><img decoding=\"async\" loading=\"lazy\" class=\"aligncenter size-full wp-image-2479\" src=\"https:\/\/www.wildgardening.de\/wp-content\/uploads\/2018\/01\/DSC_0033.jpg\" alt=\"\" width=\"640\" height=\"425\" srcset=\"https:\/\/www.wildgardening.de\/wp-content\/uploads\/2018\/01\/DSC_0033.jpg 640w, https:\/\/www.wildgardening.de\/wp-content\/uploads\/2018\/01\/DSC_0033-300x199.jpg 300w\" sizes=\"(max-width: 640px) 100vw, 640px\" \/><\/p>\n<p>Neben den glitzernden Sch\u00f6nheiten an frostigen Morgen stand f\u00fcr uns in diesem Monat unser Bambus im Mittelpunkt. Mit seiner\u00a0immergr\u00fcnen \u00dcppigkeit belebt er den winterlichen Garten.<\/p>\n<h5 style=\"text-align: center;\"><img decoding=\"async\" loading=\"lazy\" class=\"aligncenter size-full wp-image-2498\" src=\"https:\/\/www.wildgardening.de\/wp-content\/uploads\/2018\/01\/IMG_2032.jpg\" alt=\"\" width=\"640\" height=\"480\" srcset=\"https:\/\/www.wildgardening.de\/wp-content\/uploads\/2018\/01\/IMG_2032.jpg 640w, https:\/\/www.wildgardening.de\/wp-content\/uploads\/2018\/01\/IMG_2032-300x225.jpg 300w\" sizes=\"(max-width: 640px) 100vw, 640px\" \/>Der Bambuswald \u00fcberzeugt gerade im Winter durch sein helles Gr\u00fcn. Links daneben in sch\u00f6nem Farbkontrast: <em>Betula utilis var. jacquemontii\u00a0<\/em><\/h5>\n<p>Allerdings hatte unser Bestand unter einem Nassschneeeinbruch dann doch zu leiden. Dieser hat den inzwischen \u00fcber sieben Meter hohen Bambuswald kurzzeitig in die Knie gezwungen.<\/p>\n<h5 style=\"text-align: center;\"><img decoding=\"async\" loading=\"lazy\" class=\"aligncenter size-full wp-image-2486\" src=\"https:\/\/www.wildgardening.de\/wp-content\/uploads\/2018\/01\/DSC_0201.jpg\" alt=\"\" width=\"640\" height=\"424\" srcset=\"https:\/\/www.wildgardening.de\/wp-content\/uploads\/2018\/01\/DSC_0201.jpg 640w, https:\/\/www.wildgardening.de\/wp-content\/uploads\/2018\/01\/DSC_0201-300x199.jpg 300w\" sizes=\"(max-width: 640px) 100vw, 640px\" \/>Da wird die Bl\u00e4ttermasse zum Handicap: Nassschnee am 18. Januar 2018<\/h5>\n<h5 style=\"text-align: center;\"><img decoding=\"async\" loading=\"lazy\" class=\"aligncenter size-full wp-image-2485\" src=\"https:\/\/www.wildgardening.de\/wp-content\/uploads\/2018\/01\/DSC_0198.jpg\" alt=\"\" width=\"640\" height=\"424\" srcset=\"https:\/\/www.wildgardening.de\/wp-content\/uploads\/2018\/01\/DSC_0198.jpg 640w, https:\/\/www.wildgardening.de\/wp-content\/uploads\/2018\/01\/DSC_0198-300x199.jpg 300w\" sizes=\"(max-width: 640px) 100vw, 640px\" \/>Auch <em>Phyllostachys bissetii<\/em> geht in die Knie<\/h5>\n<h5 style=\"text-align: center;\"><img decoding=\"async\" loading=\"lazy\" class=\"aligncenter size-full wp-image-2487\" src=\"https:\/\/www.wildgardening.de\/wp-content\/uploads\/2018\/01\/DSC_0212.jpg\" alt=\"\" width=\"640\" height=\"424\" srcset=\"https:\/\/www.wildgardening.de\/wp-content\/uploads\/2018\/01\/DSC_0212.jpg 640w, https:\/\/www.wildgardening.de\/wp-content\/uploads\/2018\/01\/DSC_0212-300x199.jpg 300w\" sizes=\"(max-width: 640px) 100vw, 640px\" \/>Keiner bleibt verschont: <em>Phyllostachys nigra &#8218;Henonis&#8216;<\/em> in der Waagrechten<\/h5>\n<p>Bei diesen Witterungslagen macht sich die Flexibilit\u00e4t der Halme bezahlt. Bis auf drei <em>Phyllostachys<\/em>-Halme hatten wir keinen Bruch zu beklagen.<\/p>\n<h5 style=\"text-align: center;\"><img decoding=\"async\" loading=\"lazy\" class=\"aligncenter size-full wp-image-2499\" src=\"https:\/\/www.wildgardening.de\/wp-content\/uploads\/2018\/01\/DSC_0226.jpg\" alt=\"\" width=\"640\" height=\"424\" srcset=\"https:\/\/www.wildgardening.de\/wp-content\/uploads\/2018\/01\/DSC_0226.jpg 640w, https:\/\/www.wildgardening.de\/wp-content\/uploads\/2018\/01\/DSC_0226-300x199.jpg 300w\" sizes=\"(max-width: 640px) 100vw, 640px\" \/>Ein recht freistehender <em>Ph. vivax &#8218;Huangwenzhu&#8216;<\/em>-Halm musste leider daran glauben. Die Halme der Varianten von <em>Ph. vivax<\/em> sind bei schwerem Nassschnee besonders bruchgef\u00e4hrdet, da sie nicht sehr dickwandig sind<\/h5>\n<p>Anlass zur Klage gab hingegen die Vollbl\u00fcte von <em>Phyllostachys propinqua<\/em>. Wir haben <a href=\"https:\/\/www.wildgardening.de\/?p=1827\">hier<\/a>\u00a0schon dar\u00fcber berichtet. Dieses Jahr haben wir uns nun entschlossen, den Bestand oberirdisch zu roden, da das Ganze doch einfach zu unansehlich wurde und auch die neuen Halme kaum Bl\u00e4tter trugen. Die Rhizome liegen noch in einem definierten Areal im Boden. Warten wir ab, was im Fr\u00fchjahr passiert.<\/p>\n<h5 style=\"text-align: center;\"><img decoding=\"async\" loading=\"lazy\" class=\"aligncenter size-full wp-image-2484\" src=\"https:\/\/www.wildgardening.de\/wp-content\/uploads\/2018\/01\/DSC_0190.jpg\" alt=\"\" width=\"640\" height=\"424\" srcset=\"https:\/\/www.wildgardening.de\/wp-content\/uploads\/2018\/01\/DSC_0190.jpg 640w, https:\/\/www.wildgardening.de\/wp-content\/uploads\/2018\/01\/DSC_0190-300x199.jpg 300w\" sizes=\"(max-width: 640px) 100vw, 640px\" \/>Einige gekappte Halme von <em>Phyllostachys propinqua<\/em><\/h5>\n<h5 style=\"text-align: center;\"><img decoding=\"async\" loading=\"lazy\" class=\"aligncenter size-full wp-image-2481\" src=\"https:\/\/www.wildgardening.de\/wp-content\/uploads\/2018\/01\/DSC_0038.jpg\" alt=\"\" width=\"640\" height=\"425\" srcset=\"https:\/\/www.wildgardening.de\/wp-content\/uploads\/2018\/01\/DSC_0038.jpg 640w, https:\/\/www.wildgardening.de\/wp-content\/uploads\/2018\/01\/DSC_0038-300x199.jpg 300w\" sizes=\"(max-width: 640px) 100vw, 640px\" \/>In der Silhouette des Wilden Gartens ist eine L\u00fccke zwischen <em>Ph. bissetii<\/em> (links) und Birke\u00a0entstanden: \u00a0Nun darf <em>Ph. bissetii<\/em>\u00a0den Raum von <em>Ph. propinqua<\/em> f\u00fcllen<\/h5>\n<p>Neben dem R\u00fcckschnitt der Stauden kommen auch die Weiden langsam in den Fokus. Im \u201edrop of wilderness\u201c wurden sie bereits eingek\u00fcrzt. Der Name hat historische Gr\u00fcnde, denn dieses Areal von dicht nebeneinanderstehenden Sal-Weiden (Pionierpflanze in unserer ehemaligen Brache) ist von selbst entstanden. Es wird von uns als hochwillkommener Windschutz jedes Jahr in Form gebracht. Wir kappen die Triebe kniehoch (beim Schnitt Betonung auf nach oben wachsende \u00c4ste, um seitliche \u00c4ste zu st\u00e4rken und ein dichtes Gr\u00fcn zu erreichen) und der Neuaustrieb beschert uns allj\u00e4hrlich ein wundersch\u00f6nes, dichtes Weidenareal.<\/p>\n<h6 style=\"text-align: center;\"><img decoding=\"async\" loading=\"lazy\" class=\"aligncenter size-full wp-image-2497\" src=\"https:\/\/www.wildgardening.de\/wp-content\/uploads\/2018\/01\/IMG_21211.jpg\" alt=\"\" width=\"640\" height=\"480\" srcset=\"https:\/\/www.wildgardening.de\/wp-content\/uploads\/2018\/01\/IMG_21211.jpg 640w, https:\/\/www.wildgardening.de\/wp-content\/uploads\/2018\/01\/IMG_21211-300x225.jpg 300w\" sizes=\"(max-width: 640px) 100vw, 640px\" \/><span style=\"color: #000000; font-size: 1.2em; line-height: 1.5em;\">Noch etwas Schnee, aber tags\u00fcber schon deutlich frostfrei: R\u00fcckschnitt des Weidenareals<\/span><\/h6>\n","protected":false},"excerpt":{"rendered":"<p>Das Wetter l\u00e4sst es endlich zu: Wir k\u00f6nnen wieder im Garten w\u00fchlen. Sonne und Wolken wechselten sich im Januar ab, die Temperaturen bewegten sich zwischen frostfrei und leichtem Frost. Das Thermometer kletterte aber durchaus schon mal in den zweistelligen Plusbereich: &hellip; <a href=\"https:\/\/www.wildgardening.de\/?p=2474\">Weiterlesen <span class=\"meta-nav\">&rarr;<\/span><\/a><\/p>\n","protected":false},"author":5,"featured_media":0,"comment_status":"open","ping_status":"closed","sticky":false,"template":"","format":"standard","meta":[],"categories":[8,58,10,7],"tags":[63,72,65,62],"aioseo_notices":[],"_links":{"self":[{"href":"https:\/\/www.wildgardening.de\/index.php?rest_route=\/wp\/v2\/posts\/2474"}],"collection":[{"href":"https:\/\/www.wildgardening.de\/index.php?rest_route=\/wp\/v2\/posts"}],"about":[{"href":"https:\/\/www.wildgardening.de\/index.php?rest_route=\/wp\/v2\/types\/post"}],"author":[{"embeddable":true,"href":"https:\/\/www.wildgardening.de\/index.php?rest_route=\/wp\/v2\/users\/5"}],"replies":[{"embeddable":true,"href":"https:\/\/www.wildgardening.de\/index.php?rest_route=%2Fwp%2Fv2%2Fcomments&post=2474"}],"version-history":[{"count":15,"href":"https:\/\/www.wildgardening.de\/index.php?rest_route=\/wp\/v2\/posts\/2474\/revisions"}],"predecessor-version":[{"id":2514,"href":"https:\/\/www.wildgardening.de\/index.php?rest_route=\/wp\/v2\/posts\/2474\/revisions\/2514"}],"wp:attachment":[{"href":"https:\/\/www.wildgardening.de\/index.php?rest_route=%2Fwp%2Fv2%2Fmedia&parent=2474"}],"wp:term":[{"taxonomy":"category","embeddable":true,"href":"https:\/\/www.wildgardening.de\/index.php?rest_route=%2Fwp%2Fv2%2Fcategories&post=2474"},{"taxonomy":"post_tag","embeddable":true,"href":"https:\/\/www.wildgardening.de\/index.php?rest_route=%2Fwp%2Fv2%2Ftags&post=2474"}],"curies":[{"name":"wp","href":"https:\/\/api.w.org\/{rel}","templated":true}]}}