{"id":2356,"date":"2017-10-26T09:59:12","date_gmt":"2017-10-26T09:59:12","guid":{"rendered":"https:\/\/www.wildgardening.de\/?p=2356"},"modified":"2017-10-26T09:59:12","modified_gmt":"2017-10-26T09:59:12","slug":"das-wetter","status":"publish","type":"post","link":"https:\/\/www.wildgardening.de\/?p=2356","title":{"rendered":"Das Wetter"},"content":{"rendered":"<p>Die Beziehung zwischen Garten und Wetter ist naturgegeben \u2013 und f\u00fcr uns G\u00e4rtnerinnen ein echtes Dauerthema. Das haben die letzten Posts ja auch schon deutlich gezeigt. Doch in diesem Jahr war das Wetter wirklich derart speziell, dass wir hier noch einmal n\u00e4her darauf eingehen m\u00f6chten.<\/p>\n<p>Denn unser Garten ist wetterbedingt quasi \u201eexplodiert\u201c. Ein kurzer, warmer Vorfr\u00fchling. Ein Sommer mit viel, viel Regen (wir hatten Ende September schon so viel Niederschlag zu verzeichnen wie im ganzen Jahr 2016), angenehme, nicht zu hei\u00dfe Temperaturen. Der Herbst? Nun ja, er wirkt wie ein verl\u00e4ngerter Sommer 2017: Regen, ganz wenige goldene Sonnentage, oft bew\u00f6lkt, milde Temperaturen \u2013 bringen wir es auf den Punkt: allerbestes Bambuswetter.<\/p>\n<p>Doch nicht nur der Bambus hat profitiert von der permanenten Feuchtigkeit von oben. Auch die B\u00e4ume und Str\u00e4ucher legten einen enormen Wachstumsschub hin. Endlich mal ausreichend Wasserzufuhr im sonst so trockenen Heidesandboden.<\/p>\n<div id=\"attachment_2344\" style=\"width: 650px\" class=\"wp-caption aligncenter\"><img aria-describedby=\"caption-attachment-2344\" decoding=\"async\" loading=\"lazy\" class=\"wp-image-2344 size-full\" src=\"https:\/\/www.wildgardening.de\/wp-content\/uploads\/2017\/10\/DSC_0195.jpg\" alt=\"\" width=\"640\" height=\"425\" srcset=\"https:\/\/www.wildgardening.de\/wp-content\/uploads\/2017\/10\/DSC_0195.jpg 640w, https:\/\/www.wildgardening.de\/wp-content\/uploads\/2017\/10\/DSC_0195-300x199.jpg 300w\" sizes=\"(max-width: 640px) 100vw, 640px\" \/><p id=\"caption-attachment-2344\" class=\"wp-caption-text\">Zahlreiche Regentropfen h\u00e4ngen wie kleine Diamanten an den Astern<\/p><\/div>\n<p>Wir g\u00e4rtnern in unserem Wilden Garten seit gut zehn Jahren. Mit diesem Jahr tritt \u2013 befeuert durch das feuchte Wetter \u2013 f\u00fcr uns ein deutlich wahrnehmbarer Umschwung ein. Bisher haben wir viel rein gepackt: Staudenbeete angelegt, Strauch- und Heckenborder sowie B\u00e4ume angepflanzt, Bambusareale geschaffen, Wiesengebiete definiert. Jeder Gartenrundgang zeigt uns jetzt: Nun d\u00fcrfen wir im Zaum halten, rausnehmen, umsetzen, Bereiche freihalten. Das wird f\u00fcr uns zahlreiche neue g\u00e4rtnerische Erfahrungen mit sich bringen.<\/p>\n<div id=\"attachment_2349\" style=\"width: 650px\" class=\"wp-caption aligncenter\"><img aria-describedby=\"caption-attachment-2349\" decoding=\"async\" loading=\"lazy\" class=\"wp-image-2349 size-full\" src=\"https:\/\/www.wildgardening.de\/wp-content\/uploads\/2017\/10\/DSC_0222.jpg\" alt=\"\" width=\"640\" height=\"425\" srcset=\"https:\/\/www.wildgardening.de\/wp-content\/uploads\/2017\/10\/DSC_0222.jpg 640w, https:\/\/www.wildgardening.de\/wp-content\/uploads\/2017\/10\/DSC_0222-300x199.jpg 300w\" sizes=\"(max-width: 640px) 100vw, 640px\" \/><p id=\"caption-attachment-2349\" class=\"wp-caption-text\">Der Bambuswald an der westlichen Grundst\u00fccksgrenze hat richtig Form angenommen und macht jetzt seinem Namen alle Ehre: hinten im Sonnenkegel Phyllostachys aureosulcata \u201aAureocaulis\u2019 und rechts daneben Ph. vivax \u201aHuangwenzhu\u2019, links im Schatten Ph. nigra \u201aBoryana\u2019, im Vordergrund: Fargesia rufa und Farg. denudata \u201aLancaster 1\u2019. Ganz vorne im beeindruckenden Herbstfarbenspiel: Persisches Eisenholz (Parrotia persica)<\/p><\/div>\n<div id=\"attachment_2350\" style=\"width: 650px\" class=\"wp-caption aligncenter\"><img aria-describedby=\"caption-attachment-2350\" decoding=\"async\" loading=\"lazy\" class=\"wp-image-2350 size-full\" src=\"https:\/\/www.wildgardening.de\/wp-content\/uploads\/2017\/10\/DSC_0876.jpg\" alt=\"\" width=\"640\" height=\"424\" srcset=\"https:\/\/www.wildgardening.de\/wp-content\/uploads\/2017\/10\/DSC_0876.jpg 640w, https:\/\/www.wildgardening.de\/wp-content\/uploads\/2017\/10\/DSC_0876-300x199.jpg 300w\" sizes=\"(max-width: 640px) 100vw, 640px\" \/><p id=\"caption-attachment-2350\" class=\"wp-caption-text\">Ein Blick von oben: Die Gartenareale f\u00fcllen sich. Links in der Mitte noch nicht gem\u00e4hte Wildwiese mit dem schon deutlich entbl\u00e4tterten Birkenhain; die rechte Wiese ist bereits gem\u00e4ht. Im Vordergrund: die Staudenbeete beim Haus, deutlich herbstlich angehaucht<\/p><\/div>\n<p>Die letzten Tage haben uns erneut mit ausreichend Niederschlag versorgt, Sonnentage gab es aber (f\u00fcr die Seele) auch ein paar. Dabei entstanden diese Bilder aus einem zunehmend bunten Herbstgarten:<\/p>\n<div id=\"attachment_2345\" style=\"width: 650px\" class=\"wp-caption aligncenter\"><img aria-describedby=\"caption-attachment-2345\" decoding=\"async\" loading=\"lazy\" class=\"wp-image-2345 size-full\" src=\"https:\/\/www.wildgardening.de\/wp-content\/uploads\/2017\/10\/DSC_0200.jpg\" alt=\"\" width=\"640\" height=\"425\" srcset=\"https:\/\/www.wildgardening.de\/wp-content\/uploads\/2017\/10\/DSC_0200.jpg 640w, https:\/\/www.wildgardening.de\/wp-content\/uploads\/2017\/10\/DSC_0200-300x199.jpg 300w\" sizes=\"(max-width: 640px) 100vw, 640px\" \/><p id=\"caption-attachment-2345\" class=\"wp-caption-text\">Detailaufnahme der \u00fcberw\u00e4ltigenden Gelb-Rot-Magenta-Nuancen von Parrotia persica. Hier die Sorte \u201aVanessa\u2019<\/p><\/div>\n<div id=\"attachment_2346\" style=\"width: 650px\" class=\"wp-caption aligncenter\"><img aria-describedby=\"caption-attachment-2346\" decoding=\"async\" loading=\"lazy\" class=\"wp-image-2346 size-full\" src=\"https:\/\/www.wildgardening.de\/wp-content\/uploads\/2017\/10\/DSC_0201.jpg\" alt=\"\" width=\"640\" height=\"425\" srcset=\"https:\/\/www.wildgardening.de\/wp-content\/uploads\/2017\/10\/DSC_0201.jpg 640w, https:\/\/www.wildgardening.de\/wp-content\/uploads\/2017\/10\/DSC_0201-300x199.jpg 300w\" sizes=\"(max-width: 640px) 100vw, 640px\" \/><p id=\"caption-attachment-2346\" class=\"wp-caption-text\">Immer ein echter Hingucker: Cercis canadensis \u201aForest pansy\u2019. Die stark besonnten Bereiche verf\u00e4rben sich schon orange<\/p><\/div>\n<div id=\"attachment_2347\" style=\"width: 650px\" class=\"wp-caption aligncenter\"><img aria-describedby=\"caption-attachment-2347\" decoding=\"async\" loading=\"lazy\" class=\"wp-image-2347 size-full\" src=\"https:\/\/www.wildgardening.de\/wp-content\/uploads\/2017\/10\/DSC_0207.jpg\" alt=\"\" width=\"640\" height=\"425\" srcset=\"https:\/\/www.wildgardening.de\/wp-content\/uploads\/2017\/10\/DSC_0207.jpg 640w, https:\/\/www.wildgardening.de\/wp-content\/uploads\/2017\/10\/DSC_0207-300x199.jpg 300w\" sizes=\"(max-width: 640px) 100vw, 640px\" \/><p id=\"caption-attachment-2347\" class=\"wp-caption-text\">Mit die intensivste Herbstf\u00e4rbung im Garten zeigt der Essigbaum Rhus typhina. Ein starker L\u00e4ufer. Wir haben inzwischen (im Moment noch sehr willkommen, wann das wohl kippen mag?) zahlreiche kleine und gr\u00f6\u00dfere Jungb\u00e4ume<\/p><\/div>\n<div id=\"attachment_2348\" style=\"width: 650px\" class=\"wp-caption aligncenter\"><img aria-describedby=\"caption-attachment-2348\" decoding=\"async\" loading=\"lazy\" class=\"wp-image-2348 size-full\" src=\"https:\/\/www.wildgardening.de\/wp-content\/uploads\/2017\/10\/DSC_0211.jpg\" alt=\"\" width=\"640\" height=\"425\" srcset=\"https:\/\/www.wildgardening.de\/wp-content\/uploads\/2017\/10\/DSC_0211.jpg 640w, https:\/\/www.wildgardening.de\/wp-content\/uploads\/2017\/10\/DSC_0211-300x199.jpg 300w\" sizes=\"(max-width: 640px) 100vw, 640px\" \/><p id=\"caption-attachment-2348\" class=\"wp-caption-text\">Auch unser Per\u00fcckenstrauch Cotinus coggygria \u201aGrace\u2019 hat dieses Jahr einen m\u00e4chtigen Wachstumsschub hingelegt. Ob die langen \u00c4ste den Herbst- und Winterst\u00fcrmen standhalten?<\/p><\/div>\n","protected":false},"excerpt":{"rendered":"<p>Die Beziehung zwischen Garten und Wetter ist naturgegeben \u2013 und f\u00fcr uns G\u00e4rtnerinnen ein echtes Dauerthema. Das haben die letzten Posts ja auch schon deutlich gezeigt. Doch in diesem Jahr war das Wetter wirklich derart speziell, dass wir hier noch &hellip; <a href=\"https:\/\/www.wildgardening.de\/?p=2356\">Weiterlesen <span class=\"meta-nav\">&rarr;<\/span><\/a><\/p>\n","protected":false},"author":5,"featured_media":2344,"comment_status":"open","ping_status":"closed","sticky":false,"template":"","format":"standard","meta":[],"categories":[8,9,58,6,12,40],"tags":[],"aioseo_notices":[],"_links":{"self":[{"href":"https:\/\/www.wildgardening.de\/index.php?rest_route=\/wp\/v2\/posts\/2356"}],"collection":[{"href":"https:\/\/www.wildgardening.de\/index.php?rest_route=\/wp\/v2\/posts"}],"about":[{"href":"https:\/\/www.wildgardening.de\/index.php?rest_route=\/wp\/v2\/types\/post"}],"author":[{"embeddable":true,"href":"https:\/\/www.wildgardening.de\/index.php?rest_route=\/wp\/v2\/users\/5"}],"replies":[{"embeddable":true,"href":"https:\/\/www.wildgardening.de\/index.php?rest_route=%2Fwp%2Fv2%2Fcomments&post=2356"}],"version-history":[{"count":3,"href":"https:\/\/www.wildgardening.de\/index.php?rest_route=\/wp\/v2\/posts\/2356\/revisions"}],"predecessor-version":[{"id":2359,"href":"https:\/\/www.wildgardening.de\/index.php?rest_route=\/wp\/v2\/posts\/2356\/revisions\/2359"}],"wp:featuredmedia":[{"embeddable":true,"href":"https:\/\/www.wildgardening.de\/index.php?rest_route=\/wp\/v2\/media\/2344"}],"wp:attachment":[{"href":"https:\/\/www.wildgardening.de\/index.php?rest_route=%2Fwp%2Fv2%2Fmedia&parent=2356"}],"wp:term":[{"taxonomy":"category","embeddable":true,"href":"https:\/\/www.wildgardening.de\/index.php?rest_route=%2Fwp%2Fv2%2Fcategories&post=2356"},{"taxonomy":"post_tag","embeddable":true,"href":"https:\/\/www.wildgardening.de\/index.php?rest_route=%2Fwp%2Fv2%2Ftags&post=2356"}],"curies":[{"name":"wp","href":"https:\/\/api.w.org\/{rel}","templated":true}]}}