{"id":2315,"date":"2017-08-23T14:39:08","date_gmt":"2017-08-23T14:39:08","guid":{"rendered":"https:\/\/www.wildgardening.de\/?p=2315"},"modified":"2017-08-23T14:39:08","modified_gmt":"2017-08-23T14:39:08","slug":"hochsommer-war-da-was","status":"publish","type":"post","link":"https:\/\/www.wildgardening.de\/?p=2315","title":{"rendered":"Hochsommer \u2013 war da was?"},"content":{"rendered":"<p>Einstellige Nachttemperaturen, gerade mal ein Tag mit 28 Grad im Schatten: Zwischen diesen Werten pendelte sich der August bei uns ein. Hochsommerfeeling wollte da nicht aufkommen. Aber als waschechte Norddeutsche l\u00e4sst man sich davon nat\u00fcrlich die Sommerlaune nicht verderben \u2013 sondern h\u00fcllt sich erst in Strickjacke, dann noch den Wollponcho dr\u00fcber und schon kann man die feucht-k\u00fchlen Abende locker im Gr\u00fcnen genie\u00dfen. Sch\u00f6ne Belohnung f\u00fcrs Ausharren: Die Schleiereule l\u00e4sst sich bei ihrer lautlosen Jagd \u00fcber die abgeernteten Felder sehen. Womit wir schon wieder im Tierreich gelandet sind.<\/p>\n<div id=\"attachment_2316\" style=\"width: 650px\" class=\"wp-caption aligncenter\"><img aria-describedby=\"caption-attachment-2316\" decoding=\"async\" loading=\"lazy\" class=\"wp-image-2316 size-full\" src=\"https:\/\/www.wildgardening.de\/wp-content\/uploads\/2017\/08\/Erdhummel.jpg\" alt=\"\" width=\"640\" height=\"425\" srcset=\"https:\/\/www.wildgardening.de\/wp-content\/uploads\/2017\/08\/Erdhummel.jpg 640w, https:\/\/www.wildgardening.de\/wp-content\/uploads\/2017\/08\/Erdhummel-300x199.jpg 300w\" sizes=\"(max-width: 640px) 100vw, 640px\" \/><p id=\"caption-attachment-2316\" class=\"wp-caption-text\">War bereits mehrfach im Bild: eine Erdhummel. Die pelzigen Hautfl\u00fcgler finden in unserem Garten eine ideale Heimat und legen ihre Bauten oft in alte M\u00e4useg\u00e4nge. Hier tut sich Bombus terrestris an Eryngium planum g\u00fctlich<\/p><\/div>\n<div id=\"attachment_2317\" style=\"width: 650px\" class=\"wp-caption aligncenter\"><img aria-describedby=\"caption-attachment-2317\" decoding=\"async\" loading=\"lazy\" class=\"wp-image-2317 size-full\" src=\"https:\/\/www.wildgardening.de\/wp-content\/uploads\/2017\/08\/Mistbiene.jpg\" alt=\"\" width=\"640\" height=\"425\" srcset=\"https:\/\/www.wildgardening.de\/wp-content\/uploads\/2017\/08\/Mistbiene.jpg 640w, https:\/\/www.wildgardening.de\/wp-content\/uploads\/2017\/08\/Mistbiene-300x199.jpg 300w\" sizes=\"(max-width: 640px) 100vw, 640px\" \/><p id=\"caption-attachment-2317\" class=\"wp-caption-text\">Gro\u00dfer Beliebtheit bei zahlreichen Insektenarten erfreut sich Origanum vulgare. Hatten wir im Juli-Post schon behauptet \u2013 nun ein paar Beweisfotos. Bei diesen Besuchern handelt es sich um Mistbienen, schicke Fliegen, deren Aussehen tats\u00e4chlich an eine Biene erinnert<\/p><\/div>\n<div id=\"attachment_2318\" style=\"width: 650px\" class=\"wp-caption aligncenter\"><img aria-describedby=\"caption-attachment-2318\" decoding=\"async\" loading=\"lazy\" class=\"wp-image-2318 size-full\" src=\"https:\/\/www.wildgardening.de\/wp-content\/uploads\/2017\/08\/Landk\u00e4rtchen.jpg\" alt=\"\" width=\"640\" height=\"424\" srcset=\"https:\/\/www.wildgardening.de\/wp-content\/uploads\/2017\/08\/Landk\u00e4rtchen.jpg 640w, https:\/\/www.wildgardening.de\/wp-content\/uploads\/2017\/08\/Landk\u00e4rtchen-300x199.jpg 300w\" sizes=\"(max-width: 640px) 100vw, 640px\" \/><p id=\"caption-attachment-2318\" class=\"wp-caption-text\">Ein besonders spannender Tagfalter ist das Landk\u00e4rtchen: Abh\u00e4ngig von der Jahreszeit, gibt es eine helle Fr\u00fchjahrsgeneration und eine dunkle Sommerform (Juli bis August, im Bild) \u2013 ein Paradebeispiel f\u00fcr Saison-Dimorphismus. Die Zweigestaltigkeit entsteht durch die unterschiedliche Tagesl\u00e4nge, der die jeweiligen Raupen und Puppen ausgesetzt sind. Landk\u00e4rtchen-Raupen brauchen Brennnesseln als Futterpflanzen. Ein guter Grund, einige dieser robusten Stauden in einer unauff\u00e4lligen Ecke des Gartens stehen zu lassen<\/p><\/div>\n<div id=\"attachment_2319\" style=\"width: 650px\" class=\"wp-caption aligncenter\"><img aria-describedby=\"caption-attachment-2319\" decoding=\"async\" loading=\"lazy\" class=\"wp-image-2319 size-full\" src=\"https:\/\/www.wildgardening.de\/wp-content\/uploads\/2017\/08\/Distelfalter.jpg\" alt=\"\" width=\"640\" height=\"425\" srcset=\"https:\/\/www.wildgardening.de\/wp-content\/uploads\/2017\/08\/Distelfalter.jpg 640w, https:\/\/www.wildgardening.de\/wp-content\/uploads\/2017\/08\/Distelfalter-300x199.jpg 300w\" sizes=\"(max-width: 640px) 100vw, 640px\" \/><p id=\"caption-attachment-2319\" class=\"wp-caption-text\">Auch der Distelfalter findet Gefallen am Oregano. Und seine Raupen \u2013 \u00dcberraschung! \u2013 bevorzugt an Disteln<\/p><\/div>\n<div id=\"attachment_2320\" style=\"width: 650px\" class=\"wp-caption aligncenter\"><img aria-describedby=\"caption-attachment-2320\" decoding=\"async\" loading=\"lazy\" class=\"wp-image-2320 size-full\" src=\"https:\/\/www.wildgardening.de\/wp-content\/uploads\/2017\/08\/Wiese.jpg\" alt=\"\" width=\"640\" height=\"425\" srcset=\"https:\/\/www.wildgardening.de\/wp-content\/uploads\/2017\/08\/Wiese.jpg 640w, https:\/\/www.wildgardening.de\/wp-content\/uploads\/2017\/08\/Wiese-300x199.jpg 300w\" sizes=\"(max-width: 640px) 100vw, 640px\" \/><p id=\"caption-attachment-2320\" class=\"wp-caption-text\">Wie aufmerksame Blogleser l\u00e4ngst wissen, herrscht daran bei uns kein Mangel. Sobald das Wetter es zul\u00e4sst, wird diese Wiese endlich gem\u00e4ht. Im kommenden Jahr wollen wir da eher ran \u2013 gleich nach der Bl\u00fcte<\/p><\/div>\n<div id=\"attachment_2321\" style=\"width: 650px\" class=\"wp-caption aligncenter\"><img aria-describedby=\"caption-attachment-2321\" decoding=\"async\" loading=\"lazy\" class=\"wp-image-2321 size-full\" src=\"https:\/\/www.wildgardening.de\/wp-content\/uploads\/2017\/08\/Gewitter.jpg\" alt=\"\" width=\"640\" height=\"425\" srcset=\"https:\/\/www.wildgardening.de\/wp-content\/uploads\/2017\/08\/Gewitter.jpg 640w, https:\/\/www.wildgardening.de\/wp-content\/uploads\/2017\/08\/Gewitter-300x199.jpg 300w\" sizes=\"(max-width: 640px) 100vw, 640px\" \/><p id=\"caption-attachment-2321\" class=\"wp-caption-text\">Auch eine Art Sommerfeeling: drohende Gewitterfront von Nordwesten. Vorne bl\u00fchend im Beet (v. l. n. r.): Agastache \u201aBlack Adder\u2019, Helianthus \u201aLemon Queen\u2019, Eupatorium fistulosum \u201aRiesenschirm\u2019 und Eupatorium purpureum<\/p><\/div>\n<div id=\"attachment_2322\" style=\"width: 650px\" class=\"wp-caption aligncenter\"><img aria-describedby=\"caption-attachment-2322\" decoding=\"async\" loading=\"lazy\" class=\"wp-image-2322 size-full\" src=\"https:\/\/www.wildgardening.de\/wp-content\/uploads\/2017\/08\/Gewitter2.jpg\" alt=\"\" width=\"640\" height=\"425\" srcset=\"https:\/\/www.wildgardening.de\/wp-content\/uploads\/2017\/08\/Gewitter2.jpg 640w, https:\/\/www.wildgardening.de\/wp-content\/uploads\/2017\/08\/Gewitter2-300x199.jpg 300w\" sizes=\"(max-width: 640px) 100vw, 640px\" \/><p id=\"caption-attachment-2322\" class=\"wp-caption-text\">Das Gewitter taucht den Garten in ein getuschtes, fahles Blaugr\u00fcn<\/p><\/div>\n<div id=\"attachment_2323\" style=\"width: 650px\" class=\"wp-caption aligncenter\"><img aria-describedby=\"caption-attachment-2323\" decoding=\"async\" loading=\"lazy\" class=\"wp-image-2323 size-full\" src=\"https:\/\/www.wildgardening.de\/wp-content\/uploads\/2017\/08\/Sonnenbeet.jpg\" alt=\"\" width=\"640\" height=\"424\" srcset=\"https:\/\/www.wildgardening.de\/wp-content\/uploads\/2017\/08\/Sonnenbeet.jpg 640w, https:\/\/www.wildgardening.de\/wp-content\/uploads\/2017\/08\/Sonnenbeet-300x199.jpg 300w\" sizes=\"(max-width: 640px) 100vw, 640px\" \/><p id=\"caption-attachment-2323\" class=\"wp-caption-text\">Nach Regen folgt Sonnenschein: Aster pyrenaeus \u201aLutetia\u2019 zeigt die ersten Bl\u00fcten, bei Sedum telephium \u201aHerbstfreude\u2019 dauert es noch ein paar Tage. Mittendrin \u2013 wie so oft bei uns \u2013 Sporobolus heterolepis, das fantastische Fallsamengras<\/p><\/div>\n","protected":false},"excerpt":{"rendered":"<p>Einstellige Nachttemperaturen, gerade mal ein Tag mit 28 Grad im Schatten: Zwischen diesen Werten pendelte sich der August bei uns ein. Hochsommerfeeling wollte da nicht aufkommen. Aber als waschechte Norddeutsche l\u00e4sst man sich davon nat\u00fcrlich die Sommerlaune nicht verderben \u2013 &hellip; <a href=\"https:\/\/www.wildgardening.de\/?p=2315\">Weiterlesen <span class=\"meta-nav\">&rarr;<\/span><\/a><\/p>\n","protected":false},"author":4,"featured_media":2316,"comment_status":"open","ping_status":"closed","sticky":false,"template":"","format":"standard","meta":[],"categories":[1,5],"tags":[68],"aioseo_notices":[],"_links":{"self":[{"href":"https:\/\/www.wildgardening.de\/index.php?rest_route=\/wp\/v2\/posts\/2315"}],"collection":[{"href":"https:\/\/www.wildgardening.de\/index.php?rest_route=\/wp\/v2\/posts"}],"about":[{"href":"https:\/\/www.wildgardening.de\/index.php?rest_route=\/wp\/v2\/types\/post"}],"author":[{"embeddable":true,"href":"https:\/\/www.wildgardening.de\/index.php?rest_route=\/wp\/v2\/users\/4"}],"replies":[{"embeddable":true,"href":"https:\/\/www.wildgardening.de\/index.php?rest_route=%2Fwp%2Fv2%2Fcomments&post=2315"}],"version-history":[{"count":3,"href":"https:\/\/www.wildgardening.de\/index.php?rest_route=\/wp\/v2\/posts\/2315\/revisions"}],"predecessor-version":[{"id":2326,"href":"https:\/\/www.wildgardening.de\/index.php?rest_route=\/wp\/v2\/posts\/2315\/revisions\/2326"}],"wp:featuredmedia":[{"embeddable":true,"href":"https:\/\/www.wildgardening.de\/index.php?rest_route=\/wp\/v2\/media\/2316"}],"wp:attachment":[{"href":"https:\/\/www.wildgardening.de\/index.php?rest_route=%2Fwp%2Fv2%2Fmedia&parent=2315"}],"wp:term":[{"taxonomy":"category","embeddable":true,"href":"https:\/\/www.wildgardening.de\/index.php?rest_route=%2Fwp%2Fv2%2Fcategories&post=2315"},{"taxonomy":"post_tag","embeddable":true,"href":"https:\/\/www.wildgardening.de\/index.php?rest_route=%2Fwp%2Fv2%2Ftags&post=2315"}],"curies":[{"name":"wp","href":"https:\/\/api.w.org\/{rel}","templated":true}]}}