{"id":2294,"date":"2017-07-27T15:40:41","date_gmt":"2017-07-27T15:40:41","guid":{"rendered":"https:\/\/www.wildgardening.de\/?p=2294"},"modified":"2017-07-27T15:40:41","modified_gmt":"2017-07-27T15:40:41","slug":"bienen-blueten-und-mehr","status":"publish","type":"post","link":"https:\/\/www.wildgardening.de\/?p=2294","title":{"rendered":"Bienen, Bl\u00fcten und mehr"},"content":{"rendered":"<p>Sommerliche W\u00e4rme (wenn man mal von den letzten Tagen absieht &#8230;) und regelm\u00e4\u00dfiger Regen lie\u00dfen alles Gr\u00fcn in den vergangenen Wochen \u00fcppig wachsen und gedeihen. Die Gie\u00dfkanne kam h\u00f6chstens mal bei einigen durstigen Topfkandidaten wie Dahlien, Hortensien oder Sommerflieder zum Einsatz \u2013 sehr entspannend.<\/p>\n<p>Viele Pflanzen stehen jetzt im Zenit ihrer Bl\u00fcte. Kaum l\u00e4sst sich die Sonne blicken, steigt die Frequenz der gefl\u00fcgelten Besucher und man ist umgeben von einem emsigen Geflatter, Gebrumme und Gesurre. Das freut, denn schlie\u00dflich haben wir den Garten ja nicht nur als Oase f\u00fcr uns, sondern auch als Refugium f\u00fcr m\u00f6glichst viele verschiedene \u2013 kleine und gro\u00dfe \u2013 Vertreter der Fauna angelegt: Totholzstapel und andere ungest\u00f6rte \u2013 und kaum durchdringliche \u2013 R\u00fcckzugsecken geh\u00f6ren ebenso zum Angebot wie diverse Nistk\u00e4sten (inklusive Kauznistkasten), Brennnesselstauden, ein 12-Monate-Bl\u00fcten-Service, mehrmals t\u00e4glich aufgef\u00fcllte Bade- und Trinkschalen oder ein breites Portfolio an leckeren fr\u00fcchtetragenden Pflanzen. Zugegeben: Auf die Inanspruchnahme durch Wildschweine (lecker, Eicheln!) kann man getrost verzichten, aber F\u00fcchse, die heruntergefallene Zwetschgen naschen, sind einfach putzig.<\/p>\n<div id=\"attachment_2296\" style=\"width: 650px\" class=\"wp-caption aligncenter\"><img aria-describedby=\"caption-attachment-2296\" decoding=\"async\" loading=\"lazy\" class=\"wp-image-2296 size-full\" src=\"https:\/\/www.wildgardening.de\/wp-content\/uploads\/2017\/07\/Agastache.jpg\" alt=\"\" width=\"640\" height=\"424\" srcset=\"https:\/\/www.wildgardening.de\/wp-content\/uploads\/2017\/07\/Agastache.jpg 640w, https:\/\/www.wildgardening.de\/wp-content\/uploads\/2017\/07\/Agastache-300x199.jpg 300w\" sizes=\"(max-width: 640px) 100vw, 640px\" \/><p id=\"caption-attachment-2296\" class=\"wp-caption-text\">F\u00fcr kleinere G\u00e4ste: Als Insektenmagnet hat sich Agastache \u201aBlack Adder\u2019 inzwischen gut etabliert<\/p><\/div>\n<div id=\"attachment_2298\" style=\"width: 650px\" class=\"wp-caption aligncenter\"><img aria-describedby=\"caption-attachment-2298\" decoding=\"async\" loading=\"lazy\" class=\"wp-image-2298 size-full\" src=\"https:\/\/www.wildgardening.de\/wp-content\/uploads\/2017\/07\/Salbei.jpg\" alt=\"\" width=\"640\" height=\"425\" srcset=\"https:\/\/www.wildgardening.de\/wp-content\/uploads\/2017\/07\/Salbei.jpg 640w, https:\/\/www.wildgardening.de\/wp-content\/uploads\/2017\/07\/Salbei-300x199.jpg 300w\" sizes=\"(max-width: 640px) 100vw, 640px\" \/><p id=\"caption-attachment-2298\" class=\"wp-caption-text\">Mit seiner gro\u00dfen Anzahl an Bl\u00fcten geh\u00f6rt auch der Salbei zu den begehrten Nahrungsquellen, hier eine Biene an Salvia nemorosa \u201aBlauh\u00fcgel\u2019<\/p><\/div>\n<div id=\"attachment_2300\" style=\"width: 650px\" class=\"wp-caption aligncenter\"><img aria-describedby=\"caption-attachment-2300\" decoding=\"async\" loading=\"lazy\" class=\"wp-image-2300 size-full\" src=\"https:\/\/www.wildgardening.de\/wp-content\/uploads\/2017\/07\/Gelbholz.jpg\" alt=\"\" width=\"640\" height=\"425\" srcset=\"https:\/\/www.wildgardening.de\/wp-content\/uploads\/2017\/07\/Gelbholz.jpg 640w, https:\/\/www.wildgardening.de\/wp-content\/uploads\/2017\/07\/Gelbholz-300x199.jpg 300w\" sizes=\"(max-width: 640px) 100vw, 640px\" \/><p id=\"caption-attachment-2300\" class=\"wp-caption-text\">Besonders die Erdhummeln lieben die Schmetterlingsbl\u00fcten des Asiatischen Gelbholzes (Maackia amurensis)<\/p><\/div>\n<div id=\"attachment_2302\" style=\"width: 650px\" class=\"wp-caption aligncenter\"><img aria-describedby=\"caption-attachment-2302\" decoding=\"async\" loading=\"lazy\" class=\"wp-image-2302 size-full\" src=\"https:\/\/www.wildgardening.de\/wp-content\/uploads\/2017\/07\/Buddleja.jpg\" alt=\"\" width=\"640\" height=\"425\" srcset=\"https:\/\/www.wildgardening.de\/wp-content\/uploads\/2017\/07\/Buddleja.jpg 640w, https:\/\/www.wildgardening.de\/wp-content\/uploads\/2017\/07\/Buddleja-300x199.jpg 300w\" sizes=\"(max-width: 640px) 100vw, 640px\" \/><p id=\"caption-attachment-2302\" class=\"wp-caption-text\">Klassiker unter den insektenfreundlichen Geh\u00f6lzen: der Sommerflieder. An Buddleja davidii \u201aPink delight\u2019 labt sich eine Wespe<\/p><\/div>\n<div id=\"attachment_2304\" style=\"width: 650px\" class=\"wp-caption aligncenter\"><img aria-describedby=\"caption-attachment-2304\" decoding=\"async\" loading=\"lazy\" class=\"wp-image-2304 size-full\" src=\"https:\/\/www.wildgardening.de\/wp-content\/uploads\/2017\/07\/Astrantia.jpg\" alt=\"\" width=\"640\" height=\"425\" srcset=\"https:\/\/www.wildgardening.de\/wp-content\/uploads\/2017\/07\/Astrantia.jpg 640w, https:\/\/www.wildgardening.de\/wp-content\/uploads\/2017\/07\/Astrantia-300x199.jpg 300w\" sizes=\"(max-width: 640px) 100vw, 640px\" \/><p id=\"caption-attachment-2304\" class=\"wp-caption-text\">Ein h\u00fcbscher gefl\u00fcgelter Besucher ist die Gemeine Waldschwebfliege (Volucella pellucens), die eine besondere Vorliebe f\u00fcr wei\u00dfe Bl\u00fcten hat \u2013 wie sie hier auf Astrantia major subsp. involucrata \u201aShaggy\u2019 unter Beweis stellt<\/p><\/div>\n<div id=\"attachment_2306\" style=\"width: 650px\" class=\"wp-caption aligncenter\"><img aria-describedby=\"caption-attachment-2306\" decoding=\"async\" loading=\"lazy\" class=\"wp-image-2306 size-full\" src=\"https:\/\/www.wildgardening.de\/wp-content\/uploads\/2017\/07\/Schnecke.jpg\" alt=\"\" width=\"640\" height=\"425\" srcset=\"https:\/\/www.wildgardening.de\/wp-content\/uploads\/2017\/07\/Schnecke.jpg 640w, https:\/\/www.wildgardening.de\/wp-content\/uploads\/2017\/07\/Schnecke-300x199.jpg 300w\" sizes=\"(max-width: 640px) 100vw, 640px\" \/><p id=\"caption-attachment-2306\" class=\"wp-caption-text\">Ohne Fl\u00fcgel: Diese reizende kleine Schnecke entdeckte ich beim Umtopfen. Vermutlich eine Schlie\u00dfmundschnecke, aber welche Art genau?<\/p><\/div>\n<div id=\"attachment_2308\" style=\"width: 650px\" class=\"wp-caption aligncenter\"><img aria-describedby=\"caption-attachment-2308\" decoding=\"async\" loading=\"lazy\" class=\"wp-image-2308 size-full\" src=\"https:\/\/www.wildgardening.de\/wp-content\/uploads\/2017\/07\/Oreganum.jpg\" alt=\"\" width=\"640\" height=\"424\" srcset=\"https:\/\/www.wildgardening.de\/wp-content\/uploads\/2017\/07\/Oreganum.jpg 640w, https:\/\/www.wildgardening.de\/wp-content\/uploads\/2017\/07\/Oreganum-300x199.jpg 300w\" sizes=\"(max-width: 640px) 100vw, 640px\" \/><p id=\"caption-attachment-2308\" class=\"wp-caption-text\">Zu den Dauerbrennern bei den Insekten z\u00e4hlt Origanum vulgare \u2013 auch wenn auf diesem Bild gerade keine so richtig zu sehen sind<\/p><\/div>\n<div id=\"attachment_2295\" style=\"width: 650px\" class=\"wp-caption aligncenter\"><img aria-describedby=\"caption-attachment-2295\" decoding=\"async\" loading=\"lazy\" class=\"wp-image-2295 size-full\" src=\"https:\/\/www.wildgardening.de\/wp-content\/uploads\/2017\/07\/Wiese.jpg\" alt=\"\" width=\"640\" height=\"424\" srcset=\"https:\/\/www.wildgardening.de\/wp-content\/uploads\/2017\/07\/Wiese.jpg 640w, https:\/\/www.wildgardening.de\/wp-content\/uploads\/2017\/07\/Wiese-300x199.jpg 300w\" sizes=\"(max-width: 640px) 100vw, 640px\" \/><p id=\"caption-attachment-2295\" class=\"wp-caption-text\">Im Blogpost vom Juni hatten wir es ja schon angedeutet: Gelb wird langsam wieder pr\u00e4senter auf der Bl\u00fctenpalette. Die blau-roten Farbtupfer im gelben Hypericum-maculatum-Meer steuern Origanum vulgare, Vicia cracca und Silene coronaria (von vorne nach hinten) bei. Allesamt stehen sie hoch in der Gunst bei unseren kleinen gefl\u00fcgelten Freunden (die Samen der Gew\u00f6hnlichen Vogel-Wicke auch bei den gr\u00f6\u00dferen)<\/p><\/div>\n<div id=\"attachment_2299\" style=\"width: 650px\" class=\"wp-caption aligncenter\"><img aria-describedby=\"caption-attachment-2299\" decoding=\"async\" loading=\"lazy\" class=\"wp-image-2299 size-full\" src=\"https:\/\/www.wildgardening.de\/wp-content\/uploads\/2017\/07\/F\u00e4rberkamille.jpg\" alt=\"\" width=\"640\" height=\"424\" srcset=\"https:\/\/www.wildgardening.de\/wp-content\/uploads\/2017\/07\/F\u00e4rberkamille.jpg 640w, https:\/\/www.wildgardening.de\/wp-content\/uploads\/2017\/07\/F\u00e4rberkamille-300x199.jpg 300w\" sizes=\"(max-width: 640px) 100vw, 640px\" \/><p id=\"caption-attachment-2299\" class=\"wp-caption-text\">Und noch mal zum Thema Gelb: Neu angesiedelt hat sich im Wilden Garten die attraktive F\u00e4rberkamille (Anthemis tinctoria)<\/p><\/div>\n<div id=\"attachment_2301\" style=\"width: 650px\" class=\"wp-caption aligncenter\"><img aria-describedby=\"caption-attachment-2301\" decoding=\"async\" loading=\"lazy\" class=\"wp-image-2301 size-full\" src=\"https:\/\/www.wildgardening.de\/wp-content\/uploads\/2017\/07\/F\u00e4rberkamille2.jpg\" alt=\"\" width=\"640\" height=\"424\" srcset=\"https:\/\/www.wildgardening.de\/wp-content\/uploads\/2017\/07\/F\u00e4rberkamille2.jpg 640w, https:\/\/www.wildgardening.de\/wp-content\/uploads\/2017\/07\/F\u00e4rberkamille2-300x199.jpg 300w\" sizes=\"(max-width: 640px) 100vw, 640px\" \/><p id=\"caption-attachment-2301\" class=\"wp-caption-text\">Der Bl\u00fctenkopf ist ohne die Zungenbl\u00fcten ebenfalls eine skulpturale Zier<\/p><\/div>\n<div id=\"attachment_2297\" style=\"width: 650px\" class=\"wp-caption aligncenter\"><img aria-describedby=\"caption-attachment-2297\" decoding=\"async\" loading=\"lazy\" class=\"wp-image-2297 size-full\" src=\"https:\/\/www.wildgardening.de\/wp-content\/uploads\/2017\/07\/Melica.jpg\" alt=\"\" width=\"640\" height=\"424\" srcset=\"https:\/\/www.wildgardening.de\/wp-content\/uploads\/2017\/07\/Melica.jpg 640w, https:\/\/www.wildgardening.de\/wp-content\/uploads\/2017\/07\/Melica-300x199.jpg 300w\" sizes=\"(max-width: 640px) 100vw, 640px\" \/><p id=\"caption-attachment-2297\" class=\"wp-caption-text\">Ganz ohne Grasportr\u00e4t geht es nat\u00fcrlich nicht: Melica ciliata im Gegenlicht<\/p><\/div>\n<div id=\"attachment_2303\" style=\"width: 650px\" class=\"wp-caption aligncenter\"><img aria-describedby=\"caption-attachment-2303\" decoding=\"async\" loading=\"lazy\" class=\"wp-image-2303 size-full\" src=\"https:\/\/www.wildgardening.de\/wp-content\/uploads\/2017\/07\/Echinacea.jpg\" alt=\"\" width=\"640\" height=\"425\" srcset=\"https:\/\/www.wildgardening.de\/wp-content\/uploads\/2017\/07\/Echinacea.jpg 640w, https:\/\/www.wildgardening.de\/wp-content\/uploads\/2017\/07\/Echinacea-300x199.jpg 300w\" sizes=\"(max-width: 640px) 100vw, 640px\" \/><p id=\"caption-attachment-2303\" class=\"wp-caption-text\">Letzter Versuch f\u00fcr Echinacea purpurea bei uns \u2013 und das auch nur, weil sie von einer lieben Freundin geschenkt wurde. Der Scheinsonnenhut f\u00fchlt sich in unserem Garten leider nicht wirklich wohl und ist sehr kurzlebig<\/p><\/div>\n<div id=\"attachment_2307\" style=\"width: 650px\" class=\"wp-caption aligncenter\"><img aria-describedby=\"caption-attachment-2307\" decoding=\"async\" loading=\"lazy\" class=\"wp-image-2307 size-full\" src=\"https:\/\/www.wildgardening.de\/wp-content\/uploads\/2017\/07\/Achillea.jpg\" alt=\"\" width=\"640\" height=\"424\" srcset=\"https:\/\/www.wildgardening.de\/wp-content\/uploads\/2017\/07\/Achillea.jpg 640w, https:\/\/www.wildgardening.de\/wp-content\/uploads\/2017\/07\/Achillea-300x199.jpg 300w\" sizes=\"(max-width: 640px) 100vw, 640px\" \/><p id=\"caption-attachment-2307\" class=\"wp-caption-text\">Richtig wohl hingegen f\u00fchlt sich Achillea millefolium: Verschiedenfarbige Sorten haben sich in der Wiese ausgebreitet<\/p><\/div>\n<div id=\"attachment_2309\" style=\"width: 650px\" class=\"wp-caption aligncenter\"><img aria-describedby=\"caption-attachment-2309\" decoding=\"async\" loading=\"lazy\" class=\"wp-image-2309 size-full\" src=\"https:\/\/www.wildgardening.de\/wp-content\/uploads\/2017\/07\/Luzifer.jpg\" alt=\"\" width=\"640\" height=\"425\" srcset=\"https:\/\/www.wildgardening.de\/wp-content\/uploads\/2017\/07\/Luzifer.jpg 640w, https:\/\/www.wildgardening.de\/wp-content\/uploads\/2017\/07\/Luzifer-300x199.jpg 300w\" sizes=\"(max-width: 640px) 100vw, 640px\" \/><p id=\"caption-attachment-2309\" class=\"wp-caption-text\">Noch nicht voll erbl\u00fcht und schon wundersch\u00f6n: Crocosmia \u201aLucifer\u2019<\/p><\/div>\n<div id=\"attachment_2305\" style=\"width: 650px\" class=\"wp-caption aligncenter\"><img aria-describedby=\"caption-attachment-2305\" decoding=\"async\" loading=\"lazy\" class=\"wp-image-2305 size-full\" src=\"https:\/\/www.wildgardening.de\/wp-content\/uploads\/2017\/07\/Grace.jpg\" alt=\"\" width=\"640\" height=\"425\" srcset=\"https:\/\/www.wildgardening.de\/wp-content\/uploads\/2017\/07\/Grace.jpg 640w, https:\/\/www.wildgardening.de\/wp-content\/uploads\/2017\/07\/Grace-300x199.jpg 300w\" sizes=\"(max-width: 640px) 100vw, 640px\" \/><p id=\"caption-attachment-2305\" class=\"wp-caption-text\">Sieht auch beinahe wie eine Bl\u00fcte aus: der Neuaustrieb von Cotinus coggygria \u201aGrace\u2019<\/p><\/div>\n","protected":false},"excerpt":{"rendered":"<p>Sommerliche W\u00e4rme (wenn man mal von den letzten Tagen absieht &#8230;) und regelm\u00e4\u00dfiger Regen lie\u00dfen alles Gr\u00fcn in den vergangenen Wochen \u00fcppig wachsen und gedeihen. Die Gie\u00dfkanne kam h\u00f6chstens mal bei einigen durstigen Topfkandidaten wie Dahlien, Hortensien oder Sommerflieder zum &hellip; <a href=\"https:\/\/www.wildgardening.de\/?p=2294\">Weiterlesen <span class=\"meta-nav\">&rarr;<\/span><\/a><\/p>\n","protected":false},"author":4,"featured_media":2298,"comment_status":"open","ping_status":"closed","sticky":false,"template":"","format":"standard","meta":[],"categories":[1,5],"tags":[57,68,28],"aioseo_notices":[],"_links":{"self":[{"href":"https:\/\/www.wildgardening.de\/index.php?rest_route=\/wp\/v2\/posts\/2294"}],"collection":[{"href":"https:\/\/www.wildgardening.de\/index.php?rest_route=\/wp\/v2\/posts"}],"about":[{"href":"https:\/\/www.wildgardening.de\/index.php?rest_route=\/wp\/v2\/types\/post"}],"author":[{"embeddable":true,"href":"https:\/\/www.wildgardening.de\/index.php?rest_route=\/wp\/v2\/users\/4"}],"replies":[{"embeddable":true,"href":"https:\/\/www.wildgardening.de\/index.php?rest_route=%2Fwp%2Fv2%2Fcomments&post=2294"}],"version-history":[{"count":4,"href":"https:\/\/www.wildgardening.de\/index.php?rest_route=\/wp\/v2\/posts\/2294\/revisions"}],"predecessor-version":[{"id":2313,"href":"https:\/\/www.wildgardening.de\/index.php?rest_route=\/wp\/v2\/posts\/2294\/revisions\/2313"}],"wp:featuredmedia":[{"embeddable":true,"href":"https:\/\/www.wildgardening.de\/index.php?rest_route=\/wp\/v2\/media\/2298"}],"wp:attachment":[{"href":"https:\/\/www.wildgardening.de\/index.php?rest_route=%2Fwp%2Fv2%2Fmedia&parent=2294"}],"wp:term":[{"taxonomy":"category","embeddable":true,"href":"https:\/\/www.wildgardening.de\/index.php?rest_route=%2Fwp%2Fv2%2Fcategories&post=2294"},{"taxonomy":"post_tag","embeddable":true,"href":"https:\/\/www.wildgardening.de\/index.php?rest_route=%2Fwp%2Fv2%2Ftags&post=2294"}],"curies":[{"name":"wp","href":"https:\/\/api.w.org\/{rel}","templated":true}]}}