{"id":2260,"date":"2017-05-31T10:37:21","date_gmt":"2017-05-31T10:37:21","guid":{"rendered":"https:\/\/www.wildgardening.de\/?p=2260"},"modified":"2017-05-31T10:37:21","modified_gmt":"2017-05-31T10:37:21","slug":"fruehlings-sommer","status":"publish","type":"post","link":"https:\/\/www.wildgardening.de\/?p=2260","title":{"rendered":"Fr\u00fchlings-Sommer"},"content":{"rendered":"<p>Zweimal leichter Nachtfrost \u2013 weitere Unannehmlichkeiten hatte der Mai nicht zu bieten. Im Gegenteil: Seit Mitte des Monats w\u00e4hnen wir uns eher im vorgezogenen Hochsommer. Gie\u00dfeinlagen inklusive. Die hellen langen Abende erlauben es gl\u00fccklicherweise, anstrengende Arbeiten in die k\u00fchleren Stunden zu verlegen. Und sie f\u00fchren regelm\u00e4\u00dfig dazu, dass man immer zu sp\u00e4t ins Bett kommt \u2013 drau\u00dfen auf der Gartenbank oder auf dem Liegestuhl\u00a0ist es einfach zu herrlich. Den Blick schweifen lassen, die V\u00f6gel bei ihrer eifrigen Futtersuche f\u00fcr den uners\u00e4ttlichen Nachwuchs beobachten, ihren Abendges\u00e4ngen lauschen (ab und an unterbrochen vom \u201eBellen\u201c eines jungen Rehbocks) und den gehaltvollen Duft der Abendluft in sich einsaugen. Auch das geh\u00f6rt zum genussvollen G\u00e4rtnern.<\/p>\n<div id=\"attachment_2261\" style=\"width: 565px\" class=\"wp-caption aligncenter\"><img aria-describedby=\"caption-attachment-2261\" decoding=\"async\" loading=\"lazy\" class=\"wp-image-2261 size-full\" src=\"https:\/\/www.wildgardening.de\/wp-content\/uploads\/2017\/05\/L\u00f6wenzahn.jpg\" alt=\"\" width=\"555\" height=\"368\" srcset=\"https:\/\/www.wildgardening.de\/wp-content\/uploads\/2017\/05\/L\u00f6wenzahn.jpg 555w, https:\/\/www.wildgardening.de\/wp-content\/uploads\/2017\/05\/L\u00f6wenzahn-300x199.jpg 300w\" sizes=\"(max-width: 555px) 100vw, 555px\" \/><p id=\"caption-attachment-2261\" class=\"wp-caption-text\">Die erste gro\u00dfe Runde der L\u00f6wenzahnbl\u00fcte ist durch<\/p><\/div>\n<div id=\"attachment_2262\" style=\"width: 565px\" class=\"wp-caption aligncenter\"><img aria-describedby=\"caption-attachment-2262\" decoding=\"async\" loading=\"lazy\" class=\"wp-image-2262 size-full\" src=\"https:\/\/www.wildgardening.de\/wp-content\/uploads\/2017\/05\/L\u00f6wenzahn2.jpg\" alt=\"\" width=\"555\" height=\"368\" srcset=\"https:\/\/www.wildgardening.de\/wp-content\/uploads\/2017\/05\/L\u00f6wenzahn2.jpg 555w, https:\/\/www.wildgardening.de\/wp-content\/uploads\/2017\/05\/L\u00f6wenzahn2-300x199.jpg 300w\" sizes=\"(max-width: 555px) 100vw, 555px\" \/><p id=\"caption-attachment-2262\" class=\"wp-caption-text\">Die h\u00fcbschen kugeligen Fruchtst\u00e4nde beleben die Wiesenareale mit den nun ebenfalls verbl\u00fchten Narzissen<\/p><\/div>\n<div id=\"attachment_2263\" style=\"width: 565px\" class=\"wp-caption aligncenter\"><img aria-describedby=\"caption-attachment-2263\" decoding=\"async\" loading=\"lazy\" class=\"wp-image-2263 size-full\" src=\"https:\/\/www.wildgardening.de\/wp-content\/uploads\/2017\/05\/Wiesenschaumkraut.jpg\" alt=\"\" width=\"555\" height=\"368\" srcset=\"https:\/\/www.wildgardening.de\/wp-content\/uploads\/2017\/05\/Wiesenschaumkraut.jpg 555w, https:\/\/www.wildgardening.de\/wp-content\/uploads\/2017\/05\/Wiesenschaumkraut-300x199.jpg 300w\" sizes=\"(max-width: 555px) 100vw, 555px\" \/><p id=\"caption-attachment-2263\" class=\"wp-caption-text\">Im April-Post hatten wir schon freudig die Ausbreitung der Feld-Hainsimse begr\u00fc\u00dft \u2013 jetzt gesellen sich noch die Bl\u00fcten des Wiesenschaumkrauts dazu<\/p><\/div>\n<div id=\"attachment_2264\" style=\"width: 565px\" class=\"wp-caption aligncenter\"><img aria-describedby=\"caption-attachment-2264\" decoding=\"async\" loading=\"lazy\" class=\"wp-image-2264 size-full\" src=\"https:\/\/www.wildgardening.de\/wp-content\/uploads\/2017\/05\/Salvia.jpg\" alt=\"\" width=\"555\" height=\"368\" srcset=\"https:\/\/www.wildgardening.de\/wp-content\/uploads\/2017\/05\/Salvia.jpg 555w, https:\/\/www.wildgardening.de\/wp-content\/uploads\/2017\/05\/Salvia-300x199.jpg 300w\" sizes=\"(max-width: 555px) 100vw, 555px\" \/><p id=\"caption-attachment-2264\" class=\"wp-caption-text\">Und in die Rasenfl\u00e4chen \u2013 bei uns ohnehin alles andere als reine Monokulturen \u2013 wandern immer mehr \u201eBeetbewohner\u201c ein: Besonders Salvia- und Origanum-Arten f\u00fchlen sich hier wohl. Das Ganze sieht nicht nur sch\u00f6n aus, es bietet beim M\u00e4hen auch ein k\u00f6stliches Dufterlebnis<\/p><\/div>\n<div id=\"attachment_2265\" style=\"width: 565px\" class=\"wp-caption aligncenter\"><img aria-describedby=\"caption-attachment-2265\" decoding=\"async\" loading=\"lazy\" class=\"wp-image-2265 size-full\" src=\"https:\/\/www.wildgardening.de\/wp-content\/uploads\/2017\/05\/Ehrenpreis.jpg\" alt=\"\" width=\"555\" height=\"368\" srcset=\"https:\/\/www.wildgardening.de\/wp-content\/uploads\/2017\/05\/Ehrenpreis.jpg 555w, https:\/\/www.wildgardening.de\/wp-content\/uploads\/2017\/05\/Ehrenpreis-300x199.jpg 300w\" sizes=\"(max-width: 555px) 100vw, 555px\" \/><p id=\"caption-attachment-2265\" class=\"wp-caption-text\">Bleiben wir noch etwas in den Wiesen: Hier setzt der Gamander-Ehrenpreis kr\u00e4ftig blaue Akzente<\/p><\/div>\n<div id=\"attachment_2266\" style=\"width: 565px\" class=\"wp-caption aligncenter\"><img aria-describedby=\"caption-attachment-2266\" decoding=\"async\" loading=\"lazy\" class=\"wp-image-2266 size-full\" src=\"https:\/\/www.wildgardening.de\/wp-content\/uploads\/2017\/05\/Lupinen.jpg\" alt=\"\" width=\"555\" height=\"368\" srcset=\"https:\/\/www.wildgardening.de\/wp-content\/uploads\/2017\/05\/Lupinen.jpg 555w, https:\/\/www.wildgardening.de\/wp-content\/uploads\/2017\/05\/Lupinen-300x199.jpg 300w\" sizes=\"(max-width: 555px) 100vw, 555px\" \/><p id=\"caption-attachment-2266\" class=\"wp-caption-text\">Einen Bereich der Wiesen haben sich unsere Vielbl\u00e4ttrigen Lupinen erobert. Im Hintergrund gewinnt die Geh\u00f6lzborder als Windschutz langsam an Kontur<\/p><\/div>\n<div id=\"attachment_2272\" style=\"width: 565px\" class=\"wp-caption aligncenter\"><img aria-describedby=\"caption-attachment-2272\" decoding=\"async\" loading=\"lazy\" class=\"wp-image-2272 size-full\" src=\"https:\/\/www.wildgardening.de\/wp-content\/uploads\/2017\/05\/Austrieb.jpg\" alt=\"\" width=\"555\" height=\"368\" srcset=\"https:\/\/www.wildgardening.de\/wp-content\/uploads\/2017\/05\/Austrieb.jpg 555w, https:\/\/www.wildgardening.de\/wp-content\/uploads\/2017\/05\/Austrieb-300x199.jpg 300w\" sizes=\"(max-width: 555px) 100vw, 555px\" \/><p id=\"caption-attachment-2272\" class=\"wp-caption-text\">Die W\u00e4rme \u2013 gepaart mit ausreichend Feuchtigkeit \u2013 befeuert den Start des Austriebs bei den Phyllostachys-Arten. Zu den fr\u00fchesten Kandidaten z\u00e4hlt bei uns Phyllostachys aureosulcata \u201aAureocaulis\u2019<\/p><\/div>\n<div id=\"attachment_2271\" style=\"width: 565px\" class=\"wp-caption aligncenter\"><img aria-describedby=\"caption-attachment-2271\" decoding=\"async\" loading=\"lazy\" class=\"wp-image-2271 size-full\" src=\"https:\/\/www.wildgardening.de\/wp-content\/uploads\/2017\/05\/Rhizom.jpg\" alt=\"\" width=\"555\" height=\"368\" srcset=\"https:\/\/www.wildgardening.de\/wp-content\/uploads\/2017\/05\/Rhizom.jpg 555w, https:\/\/www.wildgardening.de\/wp-content\/uploads\/2017\/05\/Rhizom-300x199.jpg 300w\" sizes=\"(max-width: 555px) 100vw, 555px\" \/><p id=\"caption-attachment-2271\" class=\"wp-caption-text\">Die Ausl\u00e4ufer der leptomorphen Bambusarten m\u00fcssen regelm\u00e4\u00dfig im Zaum gehalten werden (siehe oben: anstrengende Arbeiten, nur bei Temperaturen unter 25 Grad zu empfehlen!) und verlangen nach \u00e4u\u00dferst robustem Werkzeug. Diese Rhizome von Ph. vivax \u201aHuangwenzhu\u2019 waren leider aus dem definierten Gebiet ausgeb\u00fcxt<\/p><\/div>\n<div id=\"attachment_2270\" style=\"width: 565px\" class=\"wp-caption aligncenter\"><img aria-describedby=\"caption-attachment-2270\" decoding=\"async\" loading=\"lazy\" class=\"wp-image-2270 size-full\" src=\"https:\/\/www.wildgardening.de\/wp-content\/uploads\/2017\/05\/Walnuss.jpg\" alt=\"\" width=\"555\" height=\"368\" srcset=\"https:\/\/www.wildgardening.de\/wp-content\/uploads\/2017\/05\/Walnuss.jpg 555w, https:\/\/www.wildgardening.de\/wp-content\/uploads\/2017\/05\/Walnuss-300x199.jpg 300w\" sizes=\"(max-width: 555px) 100vw, 555px\" \/><p id=\"caption-attachment-2270\" class=\"wp-caption-text\">Bei den warmen Temperaturen startet dann auch Juglans regia mit ihrem sp\u00e4ten Laubaustrieb. Die selbstgezogene Walnuss zeigt mit ihren 13 Jahren schon eine recht stolze Pr\u00e4senz auf der Wiese<\/p><\/div>\n<div id=\"attachment_2269\" style=\"width: 565px\" class=\"wp-caption aligncenter\"><img aria-describedby=\"caption-attachment-2269\" decoding=\"async\" loading=\"lazy\" class=\"wp-image-2269 size-full\" src=\"https:\/\/www.wildgardening.de\/wp-content\/uploads\/2017\/05\/Hosta.jpg\" alt=\"\" width=\"555\" height=\"368\" srcset=\"https:\/\/www.wildgardening.de\/wp-content\/uploads\/2017\/05\/Hosta.jpg 555w, https:\/\/www.wildgardening.de\/wp-content\/uploads\/2017\/05\/Hosta-300x199.jpg 300w\" sizes=\"(max-width: 555px) 100vw, 555px\" \/><p id=\"caption-attachment-2269\" class=\"wp-caption-text\">Jedes Fr\u00fchjahr begeistert mich die frische Blattmasse der verschiedenen Hosta-Sorten (solange sie nicht von Sp\u00e4tfr\u00f6sten heimgesucht wurden). Kultiviert man die Pflanzen in T\u00f6pfen, lassen sie sich nicht nur einfacher vor Schneckenfra\u00df sch\u00fctzen, sondern als \u201emobiles\u201c Gr\u00fcn auch immer wieder in neuen Arrangements in Szene setzen<\/p><\/div>\n<div id=\"attachment_2268\" style=\"width: 565px\" class=\"wp-caption aligncenter\"><img aria-describedby=\"caption-attachment-2268\" decoding=\"async\" loading=\"lazy\" class=\"wp-image-2268 size-full\" src=\"https:\/\/www.wildgardening.de\/wp-content\/uploads\/2017\/05\/Akelei.jpg\" alt=\"\" width=\"555\" height=\"368\" srcset=\"https:\/\/www.wildgardening.de\/wp-content\/uploads\/2017\/05\/Akelei.jpg 555w, https:\/\/www.wildgardening.de\/wp-content\/uploads\/2017\/05\/Akelei-300x199.jpg 300w\" sizes=\"(max-width: 555px) 100vw, 555px\" \/><p id=\"caption-attachment-2268\" class=\"wp-caption-text\">Ein weiterer Fr\u00fchlingsfavorit bei uns sind die Aquilegias. Wir erlauben den unterschiedlichen Arten und Sorten, sich selbst auszus\u00e4en \u2013 und sind immer wieder \u00fcberrascht, welche Variationen auftreten<\/p><\/div>\n<div id=\"attachment_2267\" style=\"width: 565px\" class=\"wp-caption aligncenter\"><img aria-describedby=\"caption-attachment-2267\" decoding=\"async\" loading=\"lazy\" class=\"wp-image-2267 size-full\" src=\"https:\/\/www.wildgardening.de\/wp-content\/uploads\/2017\/05\/Farn.jpg\" alt=\"\" width=\"555\" height=\"368\" srcset=\"https:\/\/www.wildgardening.de\/wp-content\/uploads\/2017\/05\/Farn.jpg 555w, https:\/\/www.wildgardening.de\/wp-content\/uploads\/2017\/05\/Farn-300x199.jpg 300w\" sizes=\"(max-width: 555px) 100vw, 555px\" \/><p id=\"caption-attachment-2267\" class=\"wp-caption-text\">Ganz vorne dabei beim Thema \u201eSch\u00f6ner Austrieb\u201c sind nat\u00fcrlich die Farne (das w\u00e4re sogar mal einen eigenen Post wert!): Ein echter Hingucker ist Dryopteris purpurella mit seinen frischen roten Wedeln. Dahinter steht Polystichum aculeatum<\/p><\/div>\n","protected":false},"excerpt":{"rendered":"<p>Zweimal leichter Nachtfrost \u2013 weitere Unannehmlichkeiten hatte der Mai nicht zu bieten. Im Gegenteil: Seit Mitte des Monats w\u00e4hnen wir uns eher im vorgezogenen Hochsommer. Gie\u00dfeinlagen inklusive. Die hellen langen Abende erlauben es gl\u00fccklicherweise, anstrengende Arbeiten in die k\u00fchleren Stunden &hellip; <a href=\"https:\/\/www.wildgardening.de\/?p=2260\">Weiterlesen <span class=\"meta-nav\">&rarr;<\/span><\/a><\/p>\n","protected":false},"author":4,"featured_media":2266,"comment_status":"open","ping_status":"closed","sticky":false,"template":"","format":"standard","meta":[],"categories":[1,4,40],"tags":[63,39,66],"aioseo_notices":[],"_links":{"self":[{"href":"https:\/\/www.wildgardening.de\/index.php?rest_route=\/wp\/v2\/posts\/2260"}],"collection":[{"href":"https:\/\/www.wildgardening.de\/index.php?rest_route=\/wp\/v2\/posts"}],"about":[{"href":"https:\/\/www.wildgardening.de\/index.php?rest_route=\/wp\/v2\/types\/post"}],"author":[{"embeddable":true,"href":"https:\/\/www.wildgardening.de\/index.php?rest_route=\/wp\/v2\/users\/4"}],"replies":[{"embeddable":true,"href":"https:\/\/www.wildgardening.de\/index.php?rest_route=%2Fwp%2Fv2%2Fcomments&post=2260"}],"version-history":[{"count":4,"href":"https:\/\/www.wildgardening.de\/index.php?rest_route=\/wp\/v2\/posts\/2260\/revisions"}],"predecessor-version":[{"id":2276,"href":"https:\/\/www.wildgardening.de\/index.php?rest_route=\/wp\/v2\/posts\/2260\/revisions\/2276"}],"wp:featuredmedia":[{"embeddable":true,"href":"https:\/\/www.wildgardening.de\/index.php?rest_route=\/wp\/v2\/media\/2266"}],"wp:attachment":[{"href":"https:\/\/www.wildgardening.de\/index.php?rest_route=%2Fwp%2Fv2%2Fmedia&parent=2260"}],"wp:term":[{"taxonomy":"category","embeddable":true,"href":"https:\/\/www.wildgardening.de\/index.php?rest_route=%2Fwp%2Fv2%2Fcategories&post=2260"},{"taxonomy":"post_tag","embeddable":true,"href":"https:\/\/www.wildgardening.de\/index.php?rest_route=%2Fwp%2Fv2%2Ftags&post=2260"}],"curies":[{"name":"wp","href":"https:\/\/api.w.org\/{rel}","templated":true}]}}