{"id":2021,"date":"2016-04-27T11:36:14","date_gmt":"2016-04-27T11:36:14","guid":{"rendered":"https:\/\/www.wildgardening.de\/?p=2021"},"modified":"2016-04-27T11:36:14","modified_gmt":"2016-04-27T11:36:14","slug":"frieden-mit-gelb","status":"publish","type":"post","link":"https:\/\/www.wildgardening.de\/?p=2021","title":{"rendered":"Frieden mit Gelb"},"content":{"rendered":"<p><img decoding=\"async\" loading=\"lazy\" class=\"aligncenter size-full wp-image-2022\" src=\"https:\/\/www.wildgardening.de\/wp-content\/uploads\/2016\/04\/DSC_0151.jpg\" alt=\"DSC_0151\" width=\"555\" height=\"368\" srcset=\"https:\/\/www.wildgardening.de\/wp-content\/uploads\/2016\/04\/DSC_0151.jpg 555w, https:\/\/www.wildgardening.de\/wp-content\/uploads\/2016\/04\/DSC_0151-300x199.jpg 300w\" sizes=\"(max-width: 555px) 100vw, 555px\" \/><\/p>\n<p style=\"text-align: justify;\">Gelb \u2013 im Fr\u00fchling eine Farbe, die nahezu in jedem Garten pr\u00e4sent ist. Kr\u00e4ftig leuchtende Farbflecken allerorten. Nur, ich konnte und wollte mich mit diesem hellen Farbton in der Vergangenheit nie so recht anfreunden. Oft war mir Gelb zu k\u00fchl, zu akzentuiert oder zu grell.<\/p>\n<p style=\"text-align: justify;\">Diese Abneigung f\u00fchrte dazu, dass bestimmte Fr\u00fchlingspflanzen in unserem Garten einfach nicht \u201estattfanden\u201c. Wie zum Beispiel die Gelb-Knaller Narzissen und Forsythien.<\/p>\n<p style=\"text-align: justify;\">Erst seit Kurzem habe ich mit Gelb meinen Frieden machen k\u00f6nnen. Das verdanke ich einer neuen Liebe: den Osterglocken. Weil viele Fr\u00fchbl\u00fcher wie herrlich farbenfrohe Tulpen, elegant nickende Schachbrettblumen oder auch manch entz\u00fcckender Krokus es in unserem Garten \u2013 aufgrund der W\u00fchlm\u00e4use und dem unpassenden Boden \u2013 mit der Langlebigkeit schwer haben, haben wir uns neben Schneegl\u00f6ckchen irgendwann auf w\u00fchlmausresistente und robuste Narzissen fokussiert. Zugegeben, dies war zun\u00e4chst mehr eine Frustentscheidung als ein leidenschaftlicher Kauf- und Pflanzakt. Daher sollte es auch anfangs nicht mehr als ein kleiner gelber Farbklecks auf einer sonnigen Wiese sein. Dann aber fanden wir echten Gefallen daran und haben das Areal t\u00fcchtig vergr\u00f6\u00dfert. Dar\u00fcber haben wir schon <a href=\"https:\/\/www.wildgardening.de\/?p=1780\">berichtet<\/a>. Das Narzissenfeld ist ein herrlicher Anblick in der Sonne und nun ein echtes Highlight in unserem Fr\u00fchlingsgarten.<\/p>\n<div id=\"attachment_2024\" style=\"width: 565px\" class=\"wp-caption aligncenter\"><img aria-describedby=\"caption-attachment-2024\" decoding=\"async\" loading=\"lazy\" class=\"wp-image-2024 size-full\" src=\"https:\/\/www.wildgardening.de\/wp-content\/uploads\/2016\/04\/DSC_0547.jpg\" alt=\"Wild Gardening Gartenblog Narcissus 'Carlton'\" width=\"555\" height=\"369\" srcset=\"https:\/\/www.wildgardening.de\/wp-content\/uploads\/2016\/04\/DSC_0547.jpg 555w, https:\/\/www.wildgardening.de\/wp-content\/uploads\/2016\/04\/DSC_0547-300x199.jpg 300w\" sizes=\"(max-width: 555px) 100vw, 555px\" \/><p id=\"caption-attachment-2024\" class=\"wp-caption-text\">Narcissus &#8218;Carlton&#8216;<\/p><\/div>\n<p>Auch\u00a0bei Schnee\u00a0kommen Narzissen gut zur Geltung.<\/p>\n<div id=\"attachment_2025\" style=\"width: 565px\" class=\"wp-caption aligncenter\"><img aria-describedby=\"caption-attachment-2025\" decoding=\"async\" loading=\"lazy\" class=\"wp-image-2025 size-full\" src=\"https:\/\/www.wildgardening.de\/wp-content\/uploads\/2016\/04\/DSC_0567.jpg\" alt=\"Wild Gardening | Gartenblog | Sometimes it snows in April\" width=\"555\" height=\"369\" srcset=\"https:\/\/www.wildgardening.de\/wp-content\/uploads\/2016\/04\/DSC_0567.jpg 555w, https:\/\/www.wildgardening.de\/wp-content\/uploads\/2016\/04\/DSC_0567-300x199.jpg 300w\" sizes=\"(max-width: 555px) 100vw, 555px\" \/><p id=\"caption-attachment-2025\" class=\"wp-caption-text\">&#8222;Sometimes it snows in April&#8220;<\/p><\/div>\n<p style=\"text-align: justify;\">Im rechten Teil unseres Wilden Gartens gibt es hinter zwei Blutbuchen noch einen ziemlich \u201ekahlen\u201c Bereich. Der schreit vor allem im Fr\u00fchling, wenn alles drumherum noch nicht so gr\u00fcnt, geradezu nach Farbe und F\u00fclle. Schon letztes Jahr \u2013 wir waren ja durch den Erfolg mit den Narzissen mutig geworden \u2013 dachten wir daran, dort Forsythien zu setzen. Wir zogen los \u2013 und fanden nur wenige Exemplare im Angebot, und die wenigen hatten zudem dieses k\u00fchlere Gelb, mit dem wir uns so gar nicht anfreunden konnten. Dann lieber erst mal nicht.<\/p>\n<p style=\"text-align: justify;\">Doch dieses Jahr die gro\u00dfe \u00dcberraschung: Pl\u00f6tzlich sahen wir auf den Pflanzenm\u00e4rkten und in den G\u00e4rtnereien Forsythien an allen Ecken und Enden. Hinzu kommt, dass gleich zwei gartenbegeisterte Freundinnen, die ebenfalls dieser merkw\u00fcrdigen Gelb-Zur\u00fcckhaltung verfallen waren, unl\u00e4ngst zugaben, seit einiger Zeit einen Hang zu gelben Farbakzenten im Garten zu versp\u00fcren und diesem auch ungehemmt nachzugeben. Her mit den Gelben also! Gibt es jetzt einen gro\u00dfen Gelbtrend und wir sind f\u00fcr uns unbemerkt Teil einer neuen Modewelle? Oder ist das nur und ausschlie\u00dflich unsere selektive Wahrnehmung und Bereitschaft, Gelb jetzt (endlich) eine Chance zu geben?<\/p>\n<div id=\"attachment_2023\" style=\"width: 565px\" class=\"wp-caption aligncenter\"><img aria-describedby=\"caption-attachment-2023\" decoding=\"async\" loading=\"lazy\" class=\"wp-image-2023 size-full\" src=\"https:\/\/www.wildgardening.de\/wp-content\/uploads\/2016\/04\/DSC_0550.jpg\" alt=\"Wild Gardeing | Gartenblog Bl\u00fcte von Forsythia x intermedia 'Lynwood'\" width=\"555\" height=\"369\" srcset=\"https:\/\/www.wildgardening.de\/wp-content\/uploads\/2016\/04\/DSC_0550.jpg 555w, https:\/\/www.wildgardening.de\/wp-content\/uploads\/2016\/04\/DSC_0550-300x199.jpg 300w\" sizes=\"(max-width: 555px) 100vw, 555px\" \/><p id=\"caption-attachment-2023\" class=\"wp-caption-text\">Bl\u00fcte von Forsythia x intermedia &#8218;Lynwood&#8216;<\/p><\/div>\n<p style=\"text-align: justify;\">Nun, jedenfalls wurde die bisher leere Gartenecke mit Forsythien (2 <em>Forsythia x intermedia \u201aLynwood\u2019<\/em>, 2 <em>Forsythia x intermedia \u201aWeekend\u2019<\/em>) gef\u00fcllt und dort darf in den n\u00e4chsten Jahren ein gro\u00dfer gelber Farbklecks wachsen. Ist doch viel aufregender, wenn man nicht gleich zu Beginn alle Optionen mitbedenkt, sondern sie sich St\u00fcck f\u00fcr St\u00fcck erobert, oder?<\/p>\n","protected":false},"excerpt":{"rendered":"<p>Gelb \u2013 im Fr\u00fchling eine Farbe, die nahezu in jedem Garten pr\u00e4sent ist. Kr\u00e4ftig leuchtende Farbflecken allerorten. Nur, ich konnte und wollte mich mit diesem hellen Farbton in der Vergangenheit nie so recht anfreunden. Oft war mir Gelb zu k\u00fchl, &hellip; <a href=\"https:\/\/www.wildgardening.de\/?p=2021\">Weiterlesen <span class=\"meta-nav\">&rarr;<\/span><\/a><\/p>\n","protected":false},"author":5,"featured_media":2022,"comment_status":"open","ping_status":"closed","sticky":false,"template":"","format":"standard","meta":[],"categories":[4,12,30],"tags":[39],"aioseo_notices":[],"_links":{"self":[{"href":"https:\/\/www.wildgardening.de\/index.php?rest_route=\/wp\/v2\/posts\/2021"}],"collection":[{"href":"https:\/\/www.wildgardening.de\/index.php?rest_route=\/wp\/v2\/posts"}],"about":[{"href":"https:\/\/www.wildgardening.de\/index.php?rest_route=\/wp\/v2\/types\/post"}],"author":[{"embeddable":true,"href":"https:\/\/www.wildgardening.de\/index.php?rest_route=\/wp\/v2\/users\/5"}],"replies":[{"embeddable":true,"href":"https:\/\/www.wildgardening.de\/index.php?rest_route=%2Fwp%2Fv2%2Fcomments&post=2021"}],"version-history":[{"count":2,"href":"https:\/\/www.wildgardening.de\/index.php?rest_route=\/wp\/v2\/posts\/2021\/revisions"}],"predecessor-version":[{"id":2029,"href":"https:\/\/www.wildgardening.de\/index.php?rest_route=\/wp\/v2\/posts\/2021\/revisions\/2029"}],"wp:featuredmedia":[{"embeddable":true,"href":"https:\/\/www.wildgardening.de\/index.php?rest_route=\/wp\/v2\/media\/2022"}],"wp:attachment":[{"href":"https:\/\/www.wildgardening.de\/index.php?rest_route=%2Fwp%2Fv2%2Fmedia&parent=2021"}],"wp:term":[{"taxonomy":"category","embeddable":true,"href":"https:\/\/www.wildgardening.de\/index.php?rest_route=%2Fwp%2Fv2%2Fcategories&post=2021"},{"taxonomy":"post_tag","embeddable":true,"href":"https:\/\/www.wildgardening.de\/index.php?rest_route=%2Fwp%2Fv2%2Ftags&post=2021"}],"curies":[{"name":"wp","href":"https:\/\/api.w.org\/{rel}","templated":true}]}}