{"id":1999,"date":"2016-02-25T11:44:07","date_gmt":"2016-02-25T11:44:07","guid":{"rendered":"https:\/\/www.wildgardening.de\/?p=1999"},"modified":"2016-02-25T11:44:07","modified_gmt":"2016-02-25T11:44:07","slug":"warten-auf-den-fruehling","status":"publish","type":"post","link":"https:\/\/www.wildgardening.de\/?p=1999","title":{"rendered":"Warten auf den Fr\u00fchling"},"content":{"rendered":"<p><img decoding=\"async\" loading=\"lazy\" class=\"alignnone wp-image-2000 size-full\" src=\"https:\/\/www.wildgardening.de\/wp-content\/uploads\/2016\/02\/Cornus_mas.jpg\" alt=\"Wild Gardening | Gartenblog | ein Garten in der Heide | Cornus mas\" width=\"1573\" height=\"1045\" srcset=\"https:\/\/www.wildgardening.de\/wp-content\/uploads\/2016\/02\/Cornus_mas.jpg 1573w, https:\/\/www.wildgardening.de\/wp-content\/uploads\/2016\/02\/Cornus_mas-300x199.jpg 300w, https:\/\/www.wildgardening.de\/wp-content\/uploads\/2016\/02\/Cornus_mas-768x510.jpg 768w, https:\/\/www.wildgardening.de\/wp-content\/uploads\/2016\/02\/Cornus_mas-1024x680.jpg 1024w\" sizes=\"(max-width: 1573px) 100vw, 1573px\" \/><\/p>\n<p style=\"text-align: justify;\">Viel Regen, t\u00fcchtig Wind und dann doch noch mal Schnee \u2013 der Februar lud in der Nordheide nicht gerade zum genussvollen G\u00e4rtnern ein. Also z\u00fcgig Baum- und Strauchschnitt erledigt, wenigstens noch die Staudensonnenblumenfl\u00e4chen abger\u00e4umt, aber mehr war nicht drin. Zum Gr\u00e4ser- und Staudenr\u00fcckschnitt in den Beeten hat es nicht gereicht. Zerzaust und zum Teil\u00a0platt sieht das an einigen Stellen nicht mehr sch\u00f6n aus. Da muss schnellstm\u00f6glich Abhilfe geschaffen werden. Bis dahin hilft nur, den Blick auf die allerorts sprie\u00dfenden Fr\u00fchlingsboten zu fokussieren. Und alles Weitere in den M\u00e4rz zu vertagen.<\/p>\n<div id=\"attachment_2002\" style=\"width: 1583px\" class=\"wp-caption aligncenter\"><img aria-describedby=\"caption-attachment-2002\" decoding=\"async\" loading=\"lazy\" class=\"wp-image-2002 size-full\" src=\"https:\/\/www.wildgardening.de\/wp-content\/uploads\/2016\/02\/Galanthus_nivalis_Florepleno.jpg\" alt=\"Wild Gardening | Gartenblog | ein Garten in der Heide | Galanthus nivalis 'Flore Pleno'\" width=\"1573\" height=\"1045\" srcset=\"https:\/\/www.wildgardening.de\/wp-content\/uploads\/2016\/02\/Galanthus_nivalis_Florepleno.jpg 1573w, https:\/\/www.wildgardening.de\/wp-content\/uploads\/2016\/02\/Galanthus_nivalis_Florepleno-300x199.jpg 300w, https:\/\/www.wildgardening.de\/wp-content\/uploads\/2016\/02\/Galanthus_nivalis_Florepleno-768x510.jpg 768w, https:\/\/www.wildgardening.de\/wp-content\/uploads\/2016\/02\/Galanthus_nivalis_Florepleno-1024x680.jpg 1024w\" sizes=\"(max-width: 1573px) 100vw, 1573px\" \/><p id=\"caption-attachment-2002\" class=\"wp-caption-text\">Galanthus nivalis &#8218;Flore Pleno&#8216; zeigt sich bei uns deutlich w\u00fcchsiger als die Art Galanthus nivalis.<\/p><\/div>\n<div id=\"attachment_2005\" style=\"width: 1583px\" class=\"wp-caption aligncenter\"><img aria-describedby=\"caption-attachment-2005\" decoding=\"async\" loading=\"lazy\" class=\"wp-image-2005 size-full\" src=\"https:\/\/www.wildgardening.de\/wp-content\/uploads\/2016\/02\/Galanthus_nivalis_Florepleno2.jpg\" alt=\"Wild Gardening | Garten-Blog | ein Garten in der Heide | Schneegl\u00f6ckchen\" width=\"1573\" height=\"1045\" srcset=\"https:\/\/www.wildgardening.de\/wp-content\/uploads\/2016\/02\/Galanthus_nivalis_Florepleno2.jpg 1573w, https:\/\/www.wildgardening.de\/wp-content\/uploads\/2016\/02\/Galanthus_nivalis_Florepleno2-300x199.jpg 300w, https:\/\/www.wildgardening.de\/wp-content\/uploads\/2016\/02\/Galanthus_nivalis_Florepleno2-768x510.jpg 768w, https:\/\/www.wildgardening.de\/wp-content\/uploads\/2016\/02\/Galanthus_nivalis_Florepleno2-1024x680.jpg 1024w\" sizes=\"(max-width: 1573px) 100vw, 1573px\" \/><p id=\"caption-attachment-2005\" class=\"wp-caption-text\">Die gef\u00fcllten Schneegl\u00f6ckchen lassen sich auch von \u00fcppigem Farnwachstum nicht verdr\u00e4ngen.<\/p><\/div>\n<div id=\"attachment_2003\" style=\"width: 1583px\" class=\"wp-caption aligncenter\"><img aria-describedby=\"caption-attachment-2003\" decoding=\"async\" loading=\"lazy\" class=\"wp-image-2003 size-full\" src=\"https:\/\/www.wildgardening.de\/wp-content\/uploads\/2016\/02\/Galanthus_S_Arnott.jpg\" alt=\"Wild Gardening | Garten-Blog | ein Garten in der Heide | Galanthus\" width=\"1573\" height=\"1045\" srcset=\"https:\/\/www.wildgardening.de\/wp-content\/uploads\/2016\/02\/Galanthus_S_Arnott.jpg 1573w, https:\/\/www.wildgardening.de\/wp-content\/uploads\/2016\/02\/Galanthus_S_Arnott-300x199.jpg 300w, https:\/\/www.wildgardening.de\/wp-content\/uploads\/2016\/02\/Galanthus_S_Arnott-768x510.jpg 768w, https:\/\/www.wildgardening.de\/wp-content\/uploads\/2016\/02\/Galanthus_S_Arnott-1024x680.jpg 1024w\" sizes=\"(max-width: 1573px) 100vw, 1573px\" \/><p id=\"caption-attachment-2003\" class=\"wp-caption-text\">Elegante Sch\u00f6nheit: Galanthus &#8218;S. Arnott&#8216;. Im Hintergrund kann man das Chaos von verwehten Miscanthus x giganteus-Bl\u00e4ttern erahnen.<\/p><\/div>\n<div id=\"attachment_2001\" style=\"width: 1583px\" class=\"wp-caption aligncenter\"><img aria-describedby=\"caption-attachment-2001\" decoding=\"async\" loading=\"lazy\" class=\"wp-image-2001 size-full\" src=\"https:\/\/www.wildgardening.de\/wp-content\/uploads\/2016\/02\/Narcissus.jpg\" alt=\"Wild Gardening | Gartenblog | ein Garten in der Heide | Narzissen\" width=\"1573\" height=\"1045\" srcset=\"https:\/\/www.wildgardening.de\/wp-content\/uploads\/2016\/02\/Narcissus.jpg 1573w, https:\/\/www.wildgardening.de\/wp-content\/uploads\/2016\/02\/Narcissus-300x199.jpg 300w, https:\/\/www.wildgardening.de\/wp-content\/uploads\/2016\/02\/Narcissus-768x510.jpg 768w, https:\/\/www.wildgardening.de\/wp-content\/uploads\/2016\/02\/Narcissus-1024x680.jpg 1024w\" sizes=\"(max-width: 1573px) 100vw, 1573px\" \/><p id=\"caption-attachment-2001\" class=\"wp-caption-text\">In den Startl\u00f6chern stehen bereits unsere ausgewilderten Narzissen \u2013 jetzt noch ein paar Tage sonnige W\u00e4rme &#8230;<\/p><\/div>\n<div id=\"attachment_2004\" style=\"width: 1583px\" class=\"wp-caption aligncenter\"><img aria-describedby=\"caption-attachment-2004\" decoding=\"async\" loading=\"lazy\" class=\"wp-image-2004 size-full\" src=\"https:\/\/www.wildgardening.de\/wp-content\/uploads\/2016\/02\/Eichh\u00f6rnchen.jpg\" alt=\"Wild Gardening | Gartenblog | ein Garten in der Heide | Eichh\u00f6rnchen\" width=\"1573\" height=\"1045\" srcset=\"https:\/\/www.wildgardening.de\/wp-content\/uploads\/2016\/02\/Eichh\u00f6rnchen.jpg 1573w, https:\/\/www.wildgardening.de\/wp-content\/uploads\/2016\/02\/Eichh\u00f6rnchen-300x199.jpg 300w, https:\/\/www.wildgardening.de\/wp-content\/uploads\/2016\/02\/Eichh\u00f6rnchen-768x510.jpg 768w, https:\/\/www.wildgardening.de\/wp-content\/uploads\/2016\/02\/Eichh\u00f6rnchen-1024x680.jpg 1024w\" sizes=\"(max-width: 1573px) 100vw, 1573px\" \/><p id=\"caption-attachment-2004\" class=\"wp-caption-text\">Doch statt W\u00e4rme kam dann die K\u00e4lte wieder: Das Eichh\u00f6rnchen arbeitet mit engagierter Futteraufnahme dagegen an.<\/p><\/div>\n<p>&nbsp;<\/p>\n","protected":false},"excerpt":{"rendered":"<p>Viel Regen, t\u00fcchtig Wind und dann doch noch mal Schnee \u2013 der Februar lud in der Nordheide nicht gerade zum genussvollen G\u00e4rtnern ein. Also z\u00fcgig Baum- und Strauchschnitt erledigt, wenigstens noch die Staudensonnenblumenfl\u00e4chen abger\u00e4umt, aber mehr war nicht drin. Zum &hellip; <a href=\"https:\/\/www.wildgardening.de\/?p=1999\">Weiterlesen <span class=\"meta-nav\">&rarr;<\/span><\/a><\/p>\n","protected":false},"author":4,"featured_media":2000,"comment_status":"open","ping_status":"closed","sticky":false,"template":"","format":"standard","meta":[],"categories":[1,58,7],"tags":[33,72,32,62],"aioseo_notices":[],"_links":{"self":[{"href":"https:\/\/www.wildgardening.de\/index.php?rest_route=\/wp\/v2\/posts\/1999"}],"collection":[{"href":"https:\/\/www.wildgardening.de\/index.php?rest_route=\/wp\/v2\/posts"}],"about":[{"href":"https:\/\/www.wildgardening.de\/index.php?rest_route=\/wp\/v2\/types\/post"}],"author":[{"embeddable":true,"href":"https:\/\/www.wildgardening.de\/index.php?rest_route=\/wp\/v2\/users\/4"}],"replies":[{"embeddable":true,"href":"https:\/\/www.wildgardening.de\/index.php?rest_route=%2Fwp%2Fv2%2Fcomments&post=1999"}],"version-history":[{"count":5,"href":"https:\/\/www.wildgardening.de\/index.php?rest_route=\/wp\/v2\/posts\/1999\/revisions"}],"predecessor-version":[{"id":2010,"href":"https:\/\/www.wildgardening.de\/index.php?rest_route=\/wp\/v2\/posts\/1999\/revisions\/2010"}],"wp:featuredmedia":[{"embeddable":true,"href":"https:\/\/www.wildgardening.de\/index.php?rest_route=\/wp\/v2\/media\/2000"}],"wp:attachment":[{"href":"https:\/\/www.wildgardening.de\/index.php?rest_route=%2Fwp%2Fv2%2Fmedia&parent=1999"}],"wp:term":[{"taxonomy":"category","embeddable":true,"href":"https:\/\/www.wildgardening.de\/index.php?rest_route=%2Fwp%2Fv2%2Fcategories&post=1999"},{"taxonomy":"post_tag","embeddable":true,"href":"https:\/\/www.wildgardening.de\/index.php?rest_route=%2Fwp%2Fv2%2Ftags&post=1999"}],"curies":[{"name":"wp","href":"https:\/\/api.w.org\/{rel}","templated":true}]}}