{"id":1959,"date":"2015-12-31T18:23:25","date_gmt":"2015-12-31T18:23:25","guid":{"rendered":"https:\/\/www.wildgardening.de\/?p=1959"},"modified":"2015-12-31T18:29:54","modified_gmt":"2015-12-31T18:29:54","slug":"herbst-fruehling-im-dezember","status":"publish","type":"post","link":"https:\/\/www.wildgardening.de\/?p=1959","title":{"rendered":"Herbst-Fr\u00fchling im Dezember"},"content":{"rendered":"<p><a href=\"https:\/\/www.wildgardening.de\/wp-content\/uploads\/2015\/12\/DSC_0006.jpg\"><img decoding=\"async\" loading=\"lazy\" class=\"aligncenter wp-image-1966 size-full\" src=\"https:\/\/www.wildgardening.de\/wp-content\/uploads\/2015\/12\/DSC_0061.jpg\" alt=\"Wild Gardening | Gartenblog |\" width=\"555\" height=\"368\" srcset=\"https:\/\/www.wildgardening.de\/wp-content\/uploads\/2015\/12\/DSC_0061.jpg 555w, https:\/\/www.wildgardening.de\/wp-content\/uploads\/2015\/12\/DSC_0061-300x199.jpg 300w\" sizes=\"(max-width: 555px) 100vw, 555px\" \/><\/a><\/p>\n<p style=\"text-align: justify;\">Das Wetter \u2013 ein Lieblingsthema jedes G\u00e4rtners. Und was f\u00fcr ein Thema das in diesem Monat\u00a0war: Nachdem der Winter bei uns im November\u00a0in Form von zwei wundersch\u00f6nen Schneetagen einen kurzen Auftritt hatte, kam im Dezember &#8230; die W\u00e4rme. Tagestemperaturen im zweistelligen Plusbereich waren die Regel und auch nachts wurde es oft nicht wesentlich k\u00fchler. Im Garten f\u00fcgten sich dadurch \u00fcbergangslos Herbstimpressionen und Fr\u00fchlingsmotive zusammen. Neben wogenden Gr\u00e4sern und \u00a0den attraktiven braunen Bl\u00fctenst\u00e4nden der Stauden strecken bereits Narzissen und Hyazinthen ihre K\u00f6pfchen raus. Auch die Weidenk\u00e4tzchen sind schon da und unsere\u00a0Bambusse wachsen dank der\u00a0optimalen\u00a0Wetterverh\u00e4ltnisse einfach weiter. Hoffen wir, dass das bittere Ende nicht noch kommt und all die &#8222;Fr\u00fchlingsgef\u00fchle&#8220; zunichte macht.<\/p>\n<div id=\"attachment_1963\" style=\"width: 565px\" class=\"wp-caption aligncenter\"><a href=\"https:\/\/www.wildgardening.de\/wp-content\/uploads\/2015\/12\/DSC_0020.jpg\"><img aria-describedby=\"caption-attachment-1963\" decoding=\"async\" loading=\"lazy\" class=\"wp-image-1963 size-full\" src=\"https:\/\/www.wildgardening.de\/wp-content\/uploads\/2015\/12\/DSC_0020.jpg\" alt=\"Wild Gardening | Gartenblog | Origanum vulgare, Sporobolus heterolepsis\" width=\"555\" height=\"368\" srcset=\"https:\/\/www.wildgardening.de\/wp-content\/uploads\/2015\/12\/DSC_0020.jpg 555w, https:\/\/www.wildgardening.de\/wp-content\/uploads\/2015\/12\/DSC_0020-300x199.jpg 300w\" sizes=\"(max-width: 555px) 100vw, 555px\" \/><\/a><p id=\"caption-attachment-1963\" class=\"wp-caption-text\">Origanum vulgare korrespondiert sch\u00f6n mit Sporobolus heterolepsis.<\/p><\/div>\n<div id=\"attachment_1964\" style=\"width: 565px\" class=\"wp-caption aligncenter\"><a href=\"https:\/\/www.wildgardening.de\/wp-content\/uploads\/2015\/12\/DSC_0024.jpg\"><img aria-describedby=\"caption-attachment-1964\" decoding=\"async\" loading=\"lazy\" class=\"wp-image-1964 size-full\" src=\"https:\/\/www.wildgardening.de\/wp-content\/uploads\/2015\/12\/DSC_0024.jpg\" alt=\"Wild Gardening | Gartenblog | Verbena hastata\" width=\"555\" height=\"368\" srcset=\"https:\/\/www.wildgardening.de\/wp-content\/uploads\/2015\/12\/DSC_0024.jpg 555w, https:\/\/www.wildgardening.de\/wp-content\/uploads\/2015\/12\/DSC_0024-300x199.jpg 300w\" sizes=\"(max-width: 555px) 100vw, 555px\" \/><\/a><p id=\"caption-attachment-1964\" class=\"wp-caption-text\">Verbena hastata<\/p><\/div>\n<div id=\"attachment_1961\" style=\"width: 565px\" class=\"wp-caption aligncenter\"><img aria-describedby=\"caption-attachment-1961\" decoding=\"async\" loading=\"lazy\" class=\"wp-image-1961 size-full\" src=\"https:\/\/www.wildgardening.de\/wp-content\/uploads\/2015\/12\/DSC_0011.jpg\" alt=\"Wild Gardening | Gartenblog | Lonicera purpusii \" width=\"555\" height=\"368\" srcset=\"https:\/\/www.wildgardening.de\/wp-content\/uploads\/2015\/12\/DSC_0011.jpg 555w, https:\/\/www.wildgardening.de\/wp-content\/uploads\/2015\/12\/DSC_0011-300x199.jpg 300w\" sizes=\"(max-width: 555px) 100vw, 555px\" \/><p id=\"caption-attachment-1961\" class=\"wp-caption-text\">Die herrlich duftenden Bl\u00fcten von Lonicera purpusii begeistern uns jeden Winter.<\/p><\/div>\n<div id=\"attachment_1960\" style=\"width: 565px\" class=\"wp-caption aligncenter\"><img aria-describedby=\"caption-attachment-1960\" decoding=\"async\" loading=\"lazy\" class=\"wp-image-1960 size-full\" src=\"https:\/\/www.wildgardening.de\/wp-content\/uploads\/2015\/12\/DSC_0006.jpg\" alt=\"Wild Gardening | Gartenblog | Viburnum bodnantense 'Dawn'\" width=\"555\" height=\"368\" srcset=\"https:\/\/www.wildgardening.de\/wp-content\/uploads\/2015\/12\/DSC_0006.jpg 555w, https:\/\/www.wildgardening.de\/wp-content\/uploads\/2015\/12\/DSC_0006-300x199.jpg 300w\" sizes=\"(max-width: 555px) 100vw, 555px\" \/><p id=\"caption-attachment-1960\" class=\"wp-caption-text\">Viburnum bodnantense &#8218;Dawn&#8216;<\/p><\/div>\n<div id=\"attachment_1967\" style=\"width: 565px\" class=\"wp-caption aligncenter\"><a href=\"https:\/\/www.wildgardening.de\/wp-content\/uploads\/2015\/12\/DSC_0069.jpg\"><img aria-describedby=\"caption-attachment-1967\" decoding=\"async\" loading=\"lazy\" class=\"wp-image-1967 size-full\" src=\"https:\/\/www.wildgardening.de\/wp-content\/uploads\/2015\/12\/DSC_0069.jpg\" alt=\"Wild Gardening | Gartenblog | Cornus mas\" width=\"555\" height=\"368\" srcset=\"https:\/\/www.wildgardening.de\/wp-content\/uploads\/2015\/12\/DSC_0069.jpg 555w, https:\/\/www.wildgardening.de\/wp-content\/uploads\/2015\/12\/DSC_0069-300x199.jpg 300w\" sizes=\"(max-width: 555px) 100vw, 555px\" \/><\/a><p id=\"caption-attachment-1967\" class=\"wp-caption-text\">Die W\u00e4rme zeigt Wirkung: Ungew\u00f6hnlich fr\u00fch \u00f6ffnen sich die Bl\u00fcten von Cornus mas.<\/p><\/div>\n<div id=\"attachment_1965\" style=\"width: 565px\" class=\"wp-caption aligncenter\"><a href=\"https:\/\/www.wildgardening.de\/wp-content\/uploads\/2015\/12\/DSC_0058.jpg\"><img aria-describedby=\"caption-attachment-1965\" decoding=\"async\" loading=\"lazy\" class=\"wp-image-1965 size-full\" src=\"https:\/\/www.wildgardening.de\/wp-content\/uploads\/2015\/12\/DSC_0058.jpg\" alt=\"Wild Gardening | Gartenblog | Perlhyazinthen\" width=\"555\" height=\"368\" srcset=\"https:\/\/www.wildgardening.de\/wp-content\/uploads\/2015\/12\/DSC_0058.jpg 555w, https:\/\/www.wildgardening.de\/wp-content\/uploads\/2015\/12\/DSC_0058-300x199.jpg 300w\" sizes=\"(max-width: 555px) 100vw, 555px\" \/><\/a><p id=\"caption-attachment-1965\" class=\"wp-caption-text\">Auch die Perlhyazinthen l\u00e4uten schon den Fr\u00fchling ein.<\/p><\/div>\n<div id=\"attachment_1968\" style=\"width: 565px\" class=\"wp-caption aligncenter\"><a href=\"https:\/\/www.wildgardening.de\/wp-content\/uploads\/2015\/12\/DSC_0083.jpg\"><img aria-describedby=\"caption-attachment-1968\" decoding=\"async\" loading=\"lazy\" class=\"wp-image-1968 size-full\" src=\"https:\/\/www.wildgardening.de\/wp-content\/uploads\/2015\/12\/DSC_0083.jpg\" alt=\"Wild Gardening | Gartenblog | Morgenrot\" width=\"555\" height=\"368\" srcset=\"https:\/\/www.wildgardening.de\/wp-content\/uploads\/2015\/12\/DSC_0083.jpg 555w, https:\/\/www.wildgardening.de\/wp-content\/uploads\/2015\/12\/DSC_0083-300x199.jpg 300w\" sizes=\"(max-width: 555px) 100vw, 555px\" \/><\/a><p id=\"caption-attachment-1968\" class=\"wp-caption-text\">Flammendes Morgenrot am 31. Dezember 2015<\/p><\/div>\n<p style=\"text-align: justify;\">Wir w\u00fcnschen allen unseren Lesern einen guten Start ins neue Jahr \u2013 und\u00a0viele tolle Gartenmomente in 2016!<\/p>\n","protected":false},"excerpt":{"rendered":"<p>Das Wetter \u2013 ein Lieblingsthema jedes G\u00e4rtners. Und was f\u00fcr ein Thema das in diesem Monat\u00a0war: Nachdem der Winter bei uns im November\u00a0in Form von zwei wundersch\u00f6nen Schneetagen einen kurzen Auftritt hatte, kam im Dezember &#8230; die W\u00e4rme. Tagestemperaturen im &hellip; <a href=\"https:\/\/www.wildgardening.de\/?p=1959\">Weiterlesen <span class=\"meta-nav\">&rarr;<\/span><\/a><\/p>\n","protected":false},"author":7,"featured_media":1966,"comment_status":"open","ping_status":"closed","sticky":false,"template":"","format":"standard","meta":[],"categories":[8,9,4,58,6,10,7],"tags":[63,39,72,69,25,62],"aioseo_notices":[],"_links":{"self":[{"href":"https:\/\/www.wildgardening.de\/index.php?rest_route=\/wp\/v2\/posts\/1959"}],"collection":[{"href":"https:\/\/www.wildgardening.de\/index.php?rest_route=\/wp\/v2\/posts"}],"about":[{"href":"https:\/\/www.wildgardening.de\/index.php?rest_route=\/wp\/v2\/types\/post"}],"author":[{"embeddable":true,"href":"https:\/\/www.wildgardening.de\/index.php?rest_route=\/wp\/v2\/users\/7"}],"replies":[{"embeddable":true,"href":"https:\/\/www.wildgardening.de\/index.php?rest_route=%2Fwp%2Fv2%2Fcomments&post=1959"}],"version-history":[{"count":5,"href":"https:\/\/www.wildgardening.de\/index.php?rest_route=\/wp\/v2\/posts\/1959\/revisions"}],"predecessor-version":[{"id":1973,"href":"https:\/\/www.wildgardening.de\/index.php?rest_route=\/wp\/v2\/posts\/1959\/revisions\/1973"}],"wp:featuredmedia":[{"embeddable":true,"href":"https:\/\/www.wildgardening.de\/index.php?rest_route=\/wp\/v2\/media\/1966"}],"wp:attachment":[{"href":"https:\/\/www.wildgardening.de\/index.php?rest_route=%2Fwp%2Fv2%2Fmedia&parent=1959"}],"wp:term":[{"taxonomy":"category","embeddable":true,"href":"https:\/\/www.wildgardening.de\/index.php?rest_route=%2Fwp%2Fv2%2Fcategories&post=1959"},{"taxonomy":"post_tag","embeddable":true,"href":"https:\/\/www.wildgardening.de\/index.php?rest_route=%2Fwp%2Fv2%2Ftags&post=1959"}],"curies":[{"name":"wp","href":"https:\/\/api.w.org\/{rel}","templated":true}]}}