{"id":1914,"date":"2015-10-30T12:03:59","date_gmt":"2015-10-30T12:03:59","guid":{"rendered":"https:\/\/www.wildgardening.de\/?p=1914"},"modified":"2015-10-30T12:03:59","modified_gmt":"2015-10-30T12:03:59","slug":"oktoberfarben","status":"publish","type":"post","link":"https:\/\/www.wildgardening.de\/?p=1914","title":{"rendered":"Oktoberfarben"},"content":{"rendered":"<p><img decoding=\"async\" loading=\"lazy\" class=\"aligncenter wp-image-1916 size-full\" src=\"https:\/\/www.wildgardening.de\/wp-content\/uploads\/2015\/10\/DSC_0212.jpg\" alt=\"Wild Gardening | Ein Garten in der Heide | Gartenblog | Hachonecloa\" width=\"555\" height=\"369\" srcset=\"https:\/\/www.wildgardening.de\/wp-content\/uploads\/2015\/10\/DSC_0212.jpg 555w, https:\/\/www.wildgardening.de\/wp-content\/uploads\/2015\/10\/DSC_0212-300x199.jpg 300w\" sizes=\"(max-width: 555px) 100vw, 555px\" \/><\/p>\n<p style=\"text-align: justify;\">Oktober \u2013 einer der farbenpr\u00e4chtigsten Monate in unserem Garten. Ein wildes Spiel zwischen Leuchten, Verblassen und Dahinschwinden, zwischen herbstlich abgesofteten harmonischen Gartenbildern\u00a0und einzelnen explodierenden\u00a0Farbtupfern. Hier ein paar Bespiele aus den Staudenbeeten:<\/p>\n<div id=\"attachment_1915\" style=\"width: 565px\" class=\"wp-caption aligncenter\"><a href=\"https:\/\/www.wildgardening.de\/wp-content\/uploads\/2015\/10\/DSC_0205.jpg\"><img aria-describedby=\"caption-attachment-1915\" decoding=\"async\" loading=\"lazy\" class=\"wp-image-1915 size-full\" src=\"https:\/\/www.wildgardening.de\/wp-content\/uploads\/2015\/10\/DSC_0205.jpg\" alt=\"Wild Gardening | Ein Garten in der Heide | Gartenblog | Staudenbeet\" width=\"555\" height=\"369\" srcset=\"https:\/\/www.wildgardening.de\/wp-content\/uploads\/2015\/10\/DSC_0205.jpg 555w, https:\/\/www.wildgardening.de\/wp-content\/uploads\/2015\/10\/DSC_0205-300x199.jpg 300w\" sizes=\"(max-width: 555px) 100vw, 555px\" \/><\/a><p id=\"caption-attachment-1915\" class=\"wp-caption-text\">Gr\u00e4ser sind f\u00fcr uns unverzichtbare Strukturbildner im herbstlichen Beet.<\/p><\/div>\n<div id=\"attachment_1917\" style=\"width: 565px\" class=\"wp-caption aligncenter\"><a href=\"https:\/\/www.wildgardening.de\/wp-content\/uploads\/2015\/10\/DSC_0220.jpg\"><img aria-describedby=\"caption-attachment-1917\" decoding=\"async\" loading=\"lazy\" class=\"wp-image-1917 size-full\" src=\"https:\/\/www.wildgardening.de\/wp-content\/uploads\/2015\/10\/DSC_0220.jpg\" alt=\"Wild Gardening | Ein Garten in der Heide | Gartenblog | Aster\" width=\"555\" height=\"369\" srcset=\"https:\/\/www.wildgardening.de\/wp-content\/uploads\/2015\/10\/DSC_0220.jpg 555w, https:\/\/www.wildgardening.de\/wp-content\/uploads\/2015\/10\/DSC_0220-300x199.jpg 300w\" sizes=\"(max-width: 555px) 100vw, 555px\" \/><\/a><p id=\"caption-attachment-1917\" class=\"wp-caption-text\">Die Astern haben sich in diesem Jahr ungew\u00f6hnlich sp\u00e4t zur Bl\u00fcte entschlossen.<\/p><\/div>\n<div id=\"attachment_1919\" style=\"width: 565px\" class=\"wp-caption aligncenter\"><a href=\"https:\/\/www.wildgardening.de\/wp-content\/uploads\/2015\/10\/DSC_0225.jpg\"><img aria-describedby=\"caption-attachment-1919\" decoding=\"async\" loading=\"lazy\" class=\"wp-image-1919 size-full\" src=\"https:\/\/www.wildgardening.de\/wp-content\/uploads\/2015\/10\/DSC_0230.jpg\" alt=\"Wild Gardening | Ein Garten in der Heide | Gartenblog | Zaun\" width=\"555\" height=\"369\" srcset=\"https:\/\/www.wildgardening.de\/wp-content\/uploads\/2015\/10\/DSC_0230.jpg 555w, https:\/\/www.wildgardening.de\/wp-content\/uploads\/2015\/10\/DSC_0230-300x199.jpg 300w\" sizes=\"(max-width: 555px) 100vw, 555px\" \/><\/a><p id=\"caption-attachment-1919\" class=\"wp-caption-text\">Das gilt auch f\u00fcr die Goldaster (Chrysopis villosa).<\/p><\/div>\n<div id=\"attachment_1920\" style=\"width: 565px\" class=\"wp-caption aligncenter\"><a href=\"https:\/\/www.wildgardening.de\/wp-content\/uploads\/2015\/10\/DSC_0225.jpg\"><img aria-describedby=\"caption-attachment-1920\" decoding=\"async\" loading=\"lazy\" class=\"wp-image-1920 size-full\" src=\"https:\/\/www.wildgardening.de\/wp-content\/uploads\/2015\/10\/DSC_0232.jpg\" alt=\"Wild Gardening | Gartenblog | Ein Garten in der Heide | Staudenbeet Oktober\" width=\"555\" height=\"369\" srcset=\"https:\/\/www.wildgardening.de\/wp-content\/uploads\/2015\/10\/DSC_0232.jpg 555w, https:\/\/www.wildgardening.de\/wp-content\/uploads\/2015\/10\/DSC_0232-300x199.jpg 300w\" sizes=\"(max-width: 555px) 100vw, 555px\" \/><\/a><p id=\"caption-attachment-1920\" class=\"wp-caption-text\">Verbl\u00fchte Heleniums vor dem eleganten Achnatherum calamagrostis.<\/p><\/div>\n<p style=\"text-align: justify;\">Aber nicht nur die Staudenbeete faszinieren momentan. Auch die Zeit der Vogelf\u00fctterung hat wieder begonnen. Die Meisen danken es uns gleich mit wilden T\u00e4nzen im Bambus.<\/p>\n<div id=\"attachment_1921\" style=\"width: 565px\" class=\"wp-caption aligncenter\"><a href=\"https:\/\/www.wildgardening.de\/wp-content\/uploads\/2015\/10\/DSC_0225.jpg\"><img aria-describedby=\"caption-attachment-1921\" decoding=\"async\" loading=\"lazy\" class=\"wp-image-1921 size-full\" src=\"https:\/\/www.wildgardening.de\/wp-content\/uploads\/2015\/10\/DSC_0703.jpg\" alt=\"Wild Gardening | Ein Garten in der Heide | Gartenblog | Kohlmeise in Bambus\" width=\"555\" height=\"368\" srcset=\"https:\/\/www.wildgardening.de\/wp-content\/uploads\/2015\/10\/DSC_0703.jpg 555w, https:\/\/www.wildgardening.de\/wp-content\/uploads\/2015\/10\/DSC_0703-300x199.jpg 300w\" sizes=\"(max-width: 555px) 100vw, 555px\" \/><\/a><p id=\"caption-attachment-1921\" class=\"wp-caption-text\">Blaumeise balanciert in Fargesia spez. Jiuzhaigou 1.<\/p><\/div>\n<p style=\"text-align: justify;\">Der\u00a0Herbst ist nat\u00fcrlich immer ein H\u00f6hepunkt f\u00fcr B\u00e4ume und Str\u00e4ucher \u2013 das Farbspiel jedes Jahr weit gespannt und einzigartig zugleich. Hier der Blick in den Obsthof:<\/p>\n<div id=\"attachment_1925\" style=\"width: 565px\" class=\"wp-caption aligncenter\"><a href=\"https:\/\/www.wildgardening.de\/wp-content\/uploads\/2015\/10\/DSC_0225.jpg\"><img aria-describedby=\"caption-attachment-1925\" decoding=\"async\" loading=\"lazy\" class=\"wp-image-1925 size-full\" src=\"https:\/\/www.wildgardening.de\/wp-content\/uploads\/2015\/10\/DSC_0771.jpg\" alt=\"Wild Gardening | Ein Garten in der Heide | Gartenblog | Blick in den Obsthof\" width=\"555\" height=\"368\" srcset=\"https:\/\/www.wildgardening.de\/wp-content\/uploads\/2015\/10\/DSC_0771.jpg 555w, https:\/\/www.wildgardening.de\/wp-content\/uploads\/2015\/10\/DSC_0771-300x199.jpg 300w\" sizes=\"(max-width: 555px) 100vw, 555px\" \/><\/a><p id=\"caption-attachment-1925\" class=\"wp-caption-text\"><img decoding=\"async\" loading=\"lazy\" class=\"aligncenter wp-image-1923 size-full\" src=\"https:\/\/www.wildgardening.de\/wp-content\/uploads\/2015\/10\/DSC_0754.jpg\" alt=\"Wild Gardening | Gartenblog | Ein Garten in der Heide | Lichtspiel\" width=\"555\" height=\"368\" srcset=\"https:\/\/www.wildgardening.de\/wp-content\/uploads\/2015\/10\/DSC_0754.jpg 555w, https:\/\/www.wildgardening.de\/wp-content\/uploads\/2015\/10\/DSC_0754-300x199.jpg 300w\" sizes=\"(max-width: 555px) 100vw, 555px\" \/> Bergahorne und Stieleichen sorgen inzwischen f\u00fcr t\u00fcchtig Schatten im alten Obsthof. Die Ahorns\u00e4mlinge tauchen wie von Zauberhand \u00fcberall im Garten auf.<\/p><\/div>\n<p style=\"text-align: justify;\">Auch unsere erst 2012 gepflanzte <em>Parrotia persica<\/em>\u00a0bringt\u00a0sich schon\u00a0t\u00fcchtig ins herbstliche Farbspektakel ein. Noch so jung \u2013 und doch in Farbe und Habitus schon unverkennbar!<\/p>\n<div id=\"attachment_1918\" style=\"width: 565px\" class=\"wp-caption aligncenter\"><a href=\"https:\/\/www.wildgardening.de\/wp-content\/uploads\/2015\/10\/DSC_0225.jpg\"><img aria-describedby=\"caption-attachment-1918\" decoding=\"async\" loading=\"lazy\" class=\"wp-image-1918 size-full\" src=\"https:\/\/www.wildgardening.de\/wp-content\/uploads\/2015\/10\/DSC_0225.jpg\" alt=\"Wild Gardening | Ein Garten in der Heide | Gartenblog | Persisches Eisenholz\" width=\"555\" height=\"369\" srcset=\"https:\/\/www.wildgardening.de\/wp-content\/uploads\/2015\/10\/DSC_0225.jpg 555w, https:\/\/www.wildgardening.de\/wp-content\/uploads\/2015\/10\/DSC_0225-300x199.jpg 300w\" sizes=\"(max-width: 555px) 100vw, 555px\" \/><\/a><p id=\"caption-attachment-1918\" class=\"wp-caption-text\">Unser Persisches Eisenholz (Parrotia persica) setzt einen kr\u00e4ftigen Akzent im Bambusgr\u00fcn.<\/p><\/div>\n<p>Einige Geh\u00f6lze stehen jetzt bereits ganz ohne Laub da, zum Beispiel Euonymus planipes, Euonymus alatus,\u00a0Betula utilis\u00a0und verschiedene\u00a0Ebereschen.<\/p>\n<div id=\"attachment_1922\" style=\"width: 565px\" class=\"wp-caption aligncenter\"><a href=\"https:\/\/www.wildgardening.de\/wp-content\/uploads\/2015\/10\/DSC_0745.jpg\"><img aria-describedby=\"caption-attachment-1922\" decoding=\"async\" loading=\"lazy\" class=\"wp-image-1922 size-full\" src=\"https:\/\/www.wildgardening.de\/wp-content\/uploads\/2015\/10\/DSC_0745.jpg\" alt=\"Wild Gardening | Ein Garten in der Heide | Gattenblog | Pfaffenh\u00fctchen\" width=\"555\" height=\"368\" srcset=\"https:\/\/www.wildgardening.de\/wp-content\/uploads\/2015\/10\/DSC_0745.jpg 555w, https:\/\/www.wildgardening.de\/wp-content\/uploads\/2015\/10\/DSC_0745-300x199.jpg 300w\" sizes=\"(max-width: 555px) 100vw, 555px\" \/><\/a><p id=\"caption-attachment-1922\" class=\"wp-caption-text\">Farbenpr\u00e4chtige Fr\u00fcchte, aber kaum noch Bl\u00e4tter bei Euonymus alatus.<\/p><\/div>\n<div id=\"attachment_1924\" style=\"width: 565px\" class=\"wp-caption aligncenter\"><a href=\"https:\/\/www.wildgardening.de\/wp-content\/uploads\/2015\/10\/DSC_0754.jpg\"><img aria-describedby=\"caption-attachment-1924\" decoding=\"async\" loading=\"lazy\" class=\"wp-image-1924 size-full\" src=\"https:\/\/www.wildgardening.de\/wp-content\/uploads\/2015\/10\/DSC_0769.jpg\" alt=\"Wild Gardening | Ein Garten in der Heide | Gartenblog | Laub\" width=\"555\" height=\"368\" srcset=\"https:\/\/www.wildgardening.de\/wp-content\/uploads\/2015\/10\/DSC_0769.jpg 555w, https:\/\/www.wildgardening.de\/wp-content\/uploads\/2015\/10\/DSC_0769-300x199.jpg 300w\" sizes=\"(max-width: 555px) 100vw, 555px\" \/><\/a><p id=\"caption-attachment-1924\" class=\"wp-caption-text\">Die Amerikanische Roteiche changiert zwischen fahlem Gr\u00fcn, leuchtenden Gelbt\u00f6nen und Orangerot.<\/p><\/div>\n","protected":false},"excerpt":{"rendered":"<p>Oktober \u2013 einer der farbenpr\u00e4chtigsten Monate in unserem Garten. Ein wildes Spiel zwischen Leuchten, Verblassen und Dahinschwinden, zwischen herbstlich abgesofteten harmonischen Gartenbildern\u00a0und einzelnen explodierenden\u00a0Farbtupfern. Hier ein paar Bespiele aus den Staudenbeeten: Aber nicht nur die Staudenbeete faszinieren momentan. Auch die &hellip; <a href=\"https:\/\/www.wildgardening.de\/?p=1914\">Weiterlesen <span class=\"meta-nav\">&rarr;<\/span><\/a><\/p>\n","protected":false},"author":4,"featured_media":1916,"comment_status":"open","ping_status":"closed","sticky":false,"template":"","format":"standard","meta":[],"categories":[8,9,6,12,10],"tags":[63,20,48,72,69,46,25],"aioseo_notices":[],"_links":{"self":[{"href":"https:\/\/www.wildgardening.de\/index.php?rest_route=\/wp\/v2\/posts\/1914"}],"collection":[{"href":"https:\/\/www.wildgardening.de\/index.php?rest_route=\/wp\/v2\/posts"}],"about":[{"href":"https:\/\/www.wildgardening.de\/index.php?rest_route=\/wp\/v2\/types\/post"}],"author":[{"embeddable":true,"href":"https:\/\/www.wildgardening.de\/index.php?rest_route=\/wp\/v2\/users\/4"}],"replies":[{"embeddable":true,"href":"https:\/\/www.wildgardening.de\/index.php?rest_route=%2Fwp%2Fv2%2Fcomments&post=1914"}],"version-history":[{"count":6,"href":"https:\/\/www.wildgardening.de\/index.php?rest_route=\/wp\/v2\/posts\/1914\/revisions"}],"predecessor-version":[{"id":1931,"href":"https:\/\/www.wildgardening.de\/index.php?rest_route=\/wp\/v2\/posts\/1914\/revisions\/1931"}],"wp:featuredmedia":[{"embeddable":true,"href":"https:\/\/www.wildgardening.de\/index.php?rest_route=\/wp\/v2\/media\/1916"}],"wp:attachment":[{"href":"https:\/\/www.wildgardening.de\/index.php?rest_route=%2Fwp%2Fv2%2Fmedia&parent=1914"}],"wp:term":[{"taxonomy":"category","embeddable":true,"href":"https:\/\/www.wildgardening.de\/index.php?rest_route=%2Fwp%2Fv2%2Fcategories&post=1914"},{"taxonomy":"post_tag","embeddable":true,"href":"https:\/\/www.wildgardening.de\/index.php?rest_route=%2Fwp%2Fv2%2Ftags&post=1914"}],"curies":[{"name":"wp","href":"https:\/\/api.w.org\/{rel}","templated":true}]}}