{"id":1878,"date":"2015-08-27T07:15:04","date_gmt":"2015-08-27T07:15:04","guid":{"rendered":"https:\/\/www.wildgardening.de\/?p=1878"},"modified":"2015-08-27T07:15:04","modified_gmt":"2015-08-27T07:15:04","slug":"der-diskussionspunkt-die-ackerkratzdistel-schoen-oder-nicht","status":"publish","type":"post","link":"https:\/\/www.wildgardening.de\/?p=1878","title":{"rendered":"Der Diskussionspunkt: die Ackerkratzdistel \u2013 sch\u00f6n oder nicht?"},"content":{"rendered":"<p><a href=\"https:\/\/www.wildgardening.de\/wp-content\/uploads\/2015\/08\/DSC_0010.jpg\"><img decoding=\"async\" loading=\"lazy\" class=\"aligncenter size-full wp-image-1881\" src=\"https:\/\/www.wildgardening.de\/wp-content\/uploads\/2015\/08\/DSC_1071.jpg\" alt=\"DSC_1071\" width=\"555\" height=\"369\" srcset=\"https:\/\/www.wildgardening.de\/wp-content\/uploads\/2015\/08\/DSC_1071.jpg 555w, https:\/\/www.wildgardening.de\/wp-content\/uploads\/2015\/08\/DSC_1071-300x199.jpg 300w\" sizes=\"(max-width: 555px) 100vw, 555px\" \/><\/a><\/p>\n<p style=\"text-align: justify;\">Der Reiz von gemeinhin als Unkraut eingestuften Pflanzen ist f\u00fcr naturnahe G\u00e4rten nicht zu untersch\u00e4tzen. Gerade durch sie entstehen oft die faszinierendsten Gartenakzente. So sind in unserem Garten Wilde M\u00f6hren (<em>Daucus carota<\/em>) inzwischen unverzichtbar geworden. Auch in diesem Jahr breiten sie sich besonders im Wilden Garten wieder t\u00fcchtig aus. Hinzu kommt, dass sie inzwischen sogar das eine oder andere ansonsten (meist) gepflegte Staudenbeet erobern \u2013 dies l\u00e4sst eine durchaus gew\u00fcnschte kleine rebellische Note entstehen, die, wenn sie nicht \u00fcberhandnimmt, eine zarte bl\u00fchende Verbindung zwischen dem Staudengarten am Haus und den Wilden Wiesen schafft. Das ist sozusagen unser Erfolgsmodell \u201eUnkraut\u201c.<\/p>\n<div id=\"attachment_1880\" style=\"width: 565px\" class=\"wp-caption aligncenter\"><a href=\"https:\/\/www.wildgardening.de\/wp-content\/uploads\/2015\/08\/DSC_0021.jpg\"><img aria-describedby=\"caption-attachment-1880\" decoding=\"async\" loading=\"lazy\" class=\"wp-image-1880 size-full\" src=\"https:\/\/www.wildgardening.de\/wp-content\/uploads\/2015\/08\/DSC_0021.jpg\" alt=\"Wild Gardening | Garten | Ein Garten in der Heide\" width=\"555\" height=\"369\" srcset=\"https:\/\/www.wildgardening.de\/wp-content\/uploads\/2015\/08\/DSC_0021.jpg 555w, https:\/\/www.wildgardening.de\/wp-content\/uploads\/2015\/08\/DSC_0021-300x199.jpg 300w\" sizes=\"(max-width: 555px) 100vw, 555px\" \/><\/a><p id=\"caption-attachment-1880\" class=\"wp-caption-text\">Daucus carota \u2013 eine Woge an Bl\u00fcten im Wilden Garten<\/p><\/div>\n<div id=\"attachment_1879\" style=\"width: 565px\" class=\"wp-caption aligncenter\"><a href=\"https:\/\/www.wildgardening.de\/wp-content\/uploads\/2015\/08\/DSC_0010.jpg\"><img aria-describedby=\"caption-attachment-1879\" decoding=\"async\" loading=\"lazy\" class=\"wp-image-1879 size-full\" src=\"https:\/\/www.wildgardening.de\/wp-content\/uploads\/2015\/08\/DSC_0010.jpg\" alt=\"Wild Gardening | Gartenblog | Daucus carota\" width=\"555\" height=\"369\" srcset=\"https:\/\/www.wildgardening.de\/wp-content\/uploads\/2015\/08\/DSC_0010.jpg 555w, https:\/\/www.wildgardening.de\/wp-content\/uploads\/2015\/08\/DSC_0010-300x199.jpg 300w\" sizes=\"(max-width: 555px) 100vw, 555px\" \/><\/a><p id=\"caption-attachment-1879\" class=\"wp-caption-text\">Daucus carota \u2013 zarte, eingewanderte Tupfer im Staudenbeet<\/p><\/div>\n<p style=\"text-align: justify;\">Aber nun ist ein anderes, fast immer als Unkraut im schlimmsten Sinne tituliertes Pfl\u00e4nzchen in unseren Fokus ger\u00fcckt: die Ackerkratzdistel (<em>Cirsium arvense<\/em>). Bei Insekten ein wahrlich begehrtes Objekt. Sch\u00f6n sah es aus, als im Fr\u00fchsommer all die Schmetterlinge \u00fcber den Wilden Wiesen flatterten. Jetzt bl\u00fchen dort nur noch wenige Distelexemplare in bezaubernd sanftem Lila \u2013 auch sie nach wie vor ein wahrer Insektenmagnet.<\/p>\n<div id=\"attachment_1884\" style=\"width: 565px\" class=\"wp-caption aligncenter\"><a href=\"https:\/\/www.wildgardening.de\/wp-content\/uploads\/2015\/08\/DSC_1071.jpg\"><img aria-describedby=\"caption-attachment-1884\" decoding=\"async\" loading=\"lazy\" class=\"wp-image-1884 size-full\" src=\"https:\/\/www.wildgardening.de\/wp-content\/uploads\/2015\/08\/DSC_1080.jpg\" alt=\"Wild Gardening | Gatenblog | Ackerkratzdistel\" width=\"555\" height=\"369\" srcset=\"https:\/\/www.wildgardening.de\/wp-content\/uploads\/2015\/08\/DSC_1080.jpg 555w, https:\/\/www.wildgardening.de\/wp-content\/uploads\/2015\/08\/DSC_1080-300x199.jpg 300w\" sizes=\"(max-width: 555px) 100vw, 555px\" \/><\/a><p id=\"caption-attachment-1884\" class=\"wp-caption-text\">Cirsium arvense \u2013 ein wahrer Insektenmagnet<\/p><\/div>\n<p style=\"text-align: justify;\">Bisher haben wir die Ackerkratzdistel im Wilden Garten geduldet. Aber nun wollen wir die Wiesen abmagern, um in den kommenden Jahren noch mehr Artenvielfalt und Bl\u00fchpower zu schaffen. Was also mit der Ackerkratzdistel tun?<\/p>\n<p style=\"text-align: justify;\">Einmal im Jahr einfach mit abm\u00e4hen. Klar. Doch eigentlich planen wir, die beiden gro\u00dfen Wiesenfl\u00e4chen immer erst im Herbst zu m\u00e4hen, damit wir m\u00f6glichst lange den Anblick wogender Gr\u00e4ser und Bl\u00fcten genie\u00dfen k\u00f6nnen.<\/p>\n<div id=\"attachment_1885\" style=\"width: 565px\" class=\"wp-caption aligncenter\"><img aria-describedby=\"caption-attachment-1885\" decoding=\"async\" loading=\"lazy\" class=\"wp-image-1885 size-full\" src=\"https:\/\/www.wildgardening.de\/wp-content\/uploads\/2015\/08\/DSC_1086.jpg\" alt=\"Wild Gardening | Garten Blog | Wilde Wiesen\" width=\"555\" height=\"369\" srcset=\"https:\/\/www.wildgardening.de\/wp-content\/uploads\/2015\/08\/DSC_1086.jpg 555w, https:\/\/www.wildgardening.de\/wp-content\/uploads\/2015\/08\/DSC_1086-300x199.jpg 300w\" sizes=\"(max-width: 555px) 100vw, 555px\" \/><p id=\"caption-attachment-1885\" class=\"wp-caption-text\">Die Wilden Wiesen im nordwestlichen Garten<\/p><\/div>\n<p style=\"text-align: justify;\">Aber im Moment (die Wiesen sind ja qua Entschluss, siehe oben, noch nicht gem\u00e4ht) tut die Distel genau das, was alle an ihr f\u00fcrchten: Sie schickt ihre Samen in den Wind &#8230;<\/p>\n<div id=\"attachment_1882\" style=\"width: 565px\" class=\"wp-caption aligncenter\"><a href=\"https:\/\/www.wildgardening.de\/wp-content\/uploads\/2015\/08\/DSC_1078.jpg\"><img aria-describedby=\"caption-attachment-1882\" decoding=\"async\" loading=\"lazy\" class=\"wp-image-1882 size-full\" src=\"https:\/\/www.wildgardening.de\/wp-content\/uploads\/2015\/08\/DSC_1078.jpg\" alt=\"Wild Gardening | Gartenblog | Samen Ackerkratzdistel\" width=\"555\" height=\"369\" srcset=\"https:\/\/www.wildgardening.de\/wp-content\/uploads\/2015\/08\/DSC_1078.jpg 555w, https:\/\/www.wildgardening.de\/wp-content\/uploads\/2015\/08\/DSC_1078-300x199.jpg 300w\" sizes=\"(max-width: 555px) 100vw, 555px\" \/><\/a><p id=\"caption-attachment-1882\" class=\"wp-caption-text\">Gef\u00fcrchtet: die Samen der Ackerkratzdistel<\/p><\/div>\n<p style=\"text-align: justify;\">&#8230; und breitet sich damit noch weiter aus. Aber genau das hat sie in einigen Bereichen der Wiesen durch ihre Wurzelausl\u00e4ufer schon mehr als genug getan \u2013 wie man sieht:<\/p>\n<div id=\"attachment_1883\" style=\"width: 565px\" class=\"wp-caption aligncenter\"><a href=\"https:\/\/www.wildgardening.de\/wp-content\/uploads\/2015\/08\/DSC_1079.jpg\"><img aria-describedby=\"caption-attachment-1883\" decoding=\"async\" loading=\"lazy\" class=\"wp-image-1883 size-full\" src=\"https:\/\/www.wildgardening.de\/wp-content\/uploads\/2015\/08\/DSC_1079.jpg\" alt=\"Wild Gardening | Gartenblog | Sch\u00f6n\" width=\"555\" height=\"369\" srcset=\"https:\/\/www.wildgardening.de\/wp-content\/uploads\/2015\/08\/DSC_1079.jpg 555w, https:\/\/www.wildgardening.de\/wp-content\/uploads\/2015\/08\/DSC_1079-300x199.jpg 300w\" sizes=\"(max-width: 555px) 100vw, 555px\" \/><\/a><p id=\"caption-attachment-1883\" class=\"wp-caption-text\">Sch\u00f6n oder nicht?<\/p><\/div>\n<p style=\"text-align: justify;\">Das schafft Diskussionspotenzial: Weg damit oder nicht? Das Problem: Die eine findet es sch\u00f6n, die andere nicht. Gl\u00fccklicherweise haben wir zwei Wiesen. Schlie\u00dflich ist unser Garten ja auch so etwas wie ein Experimentierfeld. Nun wird die eine Fl\u00e4che also ab n\u00e4chstes Jahr ackerkratzdistelfrei gehalten \u2013 eine Menge Aufwand: Hier hilft nur mehrmaliges fr\u00fches Ausstechen der Pflanzen \u00fcber Jahre. Die andere Wiese darf weiter Ackerkratzdisteln beherbergen. Da die Samen der Ackerkratzdistel offene Erde bevorzugen, um sich \u00a0anzusiedeln, haben wir vielleicht eine Chance, dass der Plan mit den beiden Fl\u00e4chen \u2013 eine mit, eine ohne \u2013 aufgehen k\u00f6nnte. Schaun wir mal. Wir sind gespannt &#8230;<\/p>\n","protected":false},"excerpt":{"rendered":"<p>Der Reiz von gemeinhin als Unkraut eingestuften Pflanzen ist f\u00fcr naturnahe G\u00e4rten nicht zu untersch\u00e4tzen. Gerade durch sie entstehen oft die faszinierendsten Gartenakzente. So sind in unserem Garten Wilde M\u00f6hren (Daucus carota) inzwischen unverzichtbar geworden. Auch in diesem Jahr breiten &hellip; <a href=\"https:\/\/www.wildgardening.de\/?p=1878\">Weiterlesen <span class=\"meta-nav\">&rarr;<\/span><\/a><\/p>\n","protected":false},"author":5,"featured_media":0,"comment_status":"open","ping_status":"closed","sticky":false,"template":"","format":"standard","meta":[],"categories":[58,40],"tags":[66],"aioseo_notices":[],"_links":{"self":[{"href":"https:\/\/www.wildgardening.de\/index.php?rest_route=\/wp\/v2\/posts\/1878"}],"collection":[{"href":"https:\/\/www.wildgardening.de\/index.php?rest_route=\/wp\/v2\/posts"}],"about":[{"href":"https:\/\/www.wildgardening.de\/index.php?rest_route=\/wp\/v2\/types\/post"}],"author":[{"embeddable":true,"href":"https:\/\/www.wildgardening.de\/index.php?rest_route=\/wp\/v2\/users\/5"}],"replies":[{"embeddable":true,"href":"https:\/\/www.wildgardening.de\/index.php?rest_route=%2Fwp%2Fv2%2Fcomments&post=1878"}],"version-history":[{"count":9,"href":"https:\/\/www.wildgardening.de\/index.php?rest_route=\/wp\/v2\/posts\/1878\/revisions"}],"predecessor-version":[{"id":1894,"href":"https:\/\/www.wildgardening.de\/index.php?rest_route=\/wp\/v2\/posts\/1878\/revisions\/1894"}],"wp:attachment":[{"href":"https:\/\/www.wildgardening.de\/index.php?rest_route=%2Fwp%2Fv2%2Fmedia&parent=1878"}],"wp:term":[{"taxonomy":"category","embeddable":true,"href":"https:\/\/www.wildgardening.de\/index.php?rest_route=%2Fwp%2Fv2%2Fcategories&post=1878"},{"taxonomy":"post_tag","embeddable":true,"href":"https:\/\/www.wildgardening.de\/index.php?rest_route=%2Fwp%2Fv2%2Ftags&post=1878"}],"curies":[{"name":"wp","href":"https:\/\/api.w.org\/{rel}","templated":true}]}}