{"id":1749,"date":"2015-03-29T10:04:57","date_gmt":"2015-03-29T10:04:57","guid":{"rendered":"https:\/\/www.wildgardening.de\/?p=1749"},"modified":"2015-03-29T10:04:57","modified_gmt":"2015-03-29T10:04:57","slug":"maerz-impressionen","status":"publish","type":"post","link":"https:\/\/www.wildgardening.de\/?p=1749","title":{"rendered":"M\u00e4rz-Impressionen"},"content":{"rendered":"<div id=\"attachment_1752\" style=\"width: 565px\" class=\"wp-caption aligncenter\"><img aria-describedby=\"caption-attachment-1752\" decoding=\"async\" loading=\"lazy\" class=\"wp-image-1752 size-full\" src=\"https:\/\/www.wildgardening.de\/wp-content\/uploads\/2015\/03\/DSC_0088.jpg\" alt=\"Garten Blog | Wild Gardening | Ein Garten in der Heide\" width=\"555\" height=\"369\" srcset=\"https:\/\/www.wildgardening.de\/wp-content\/uploads\/2015\/03\/DSC_0088.jpg 555w, https:\/\/www.wildgardening.de\/wp-content\/uploads\/2015\/03\/DSC_0088-300x199.jpg 300w\" sizes=\"(max-width: 555px) 100vw, 555px\" \/><p id=\"caption-attachment-1752\" class=\"wp-caption-text\">Cornus mas<\/p><\/div>\n<p style=\"text-align: justify;\">Nun ist der M\u00e4rz auch schon wieder fast vorbei. Es gab\u00a0wenig Zeit zum Bloggen, leider auch zum G\u00e4rtnern. Aber dennoch sind der Staudenr\u00fcckschnitt, das Mulchen und das Aufbringen von Kompost irgendwie geschafft!<\/p>\n<p style=\"text-align: justify;\">Das Fr\u00fchjahr zeigt sich in unserem Garten noch recht zart. Erste kleine Bl\u00fch- und Farbtupfen erfreuen das Herz:<\/p>\n<div id=\"attachment_1755\" style=\"width: 565px\" class=\"wp-caption aligncenter\"><img aria-describedby=\"caption-attachment-1755\" decoding=\"async\" loading=\"lazy\" class=\"wp-image-1755 size-full\" src=\"https:\/\/www.wildgardening.de\/wp-content\/uploads\/2015\/03\/DSC_0092.jpg\" alt=\"Gartenblog | Wild Gardening | Ein Garten in der Heide | Lonicera \" width=\"555\" height=\"369\" srcset=\"https:\/\/www.wildgardening.de\/wp-content\/uploads\/2015\/03\/DSC_0092.jpg 555w, https:\/\/www.wildgardening.de\/wp-content\/uploads\/2015\/03\/DSC_0092-300x199.jpg 300w\" sizes=\"(max-width: 555px) 100vw, 555px\" \/><p id=\"caption-attachment-1755\" class=\"wp-caption-text\">Lonicera purpusii<\/p><\/div>\n<div id=\"attachment_1751\" style=\"width: 565px\" class=\"wp-caption aligncenter\"><a href=\"https:\/\/www.wildgardening.de\/wp-content\/uploads\/2015\/03\/DSC_0085.jpg\"><img aria-describedby=\"caption-attachment-1751\" decoding=\"async\" loading=\"lazy\" class=\"wp-image-1751 size-full\" src=\"https:\/\/www.wildgardening.de\/wp-content\/uploads\/2015\/03\/DSC_0085.jpg\" alt=\"Gartenblog | Wild Gardening | Ein Garten in der Heide | M\u00e4rzenbecher\" width=\"555\" height=\"369\" srcset=\"https:\/\/www.wildgardening.de\/wp-content\/uploads\/2015\/03\/DSC_0085.jpg 555w, https:\/\/www.wildgardening.de\/wp-content\/uploads\/2015\/03\/DSC_0085-300x199.jpg 300w\" sizes=\"(max-width: 555px) 100vw, 555px\" \/><\/a><p id=\"caption-attachment-1751\" class=\"wp-caption-text\">Leucojum vernum<\/p><\/div>\n<div id=\"attachment_1753\" style=\"width: 565px\" class=\"wp-caption aligncenter\"><a href=\"https:\/\/www.wildgardening.de\/wp-content\/uploads\/2015\/03\/DSC_0089.jpg\"><img aria-describedby=\"caption-attachment-1753\" decoding=\"async\" loading=\"lazy\" class=\"wp-image-1753 size-full\" src=\"https:\/\/www.wildgardening.de\/wp-content\/uploads\/2015\/03\/DSC_0089.jpg\" alt=\"Gartenblog | Wild Gardening | Ein Garten in der Heide | Virburnum bodnantense \u2018Dawn'\" width=\"555\" height=\"369\" srcset=\"https:\/\/www.wildgardening.de\/wp-content\/uploads\/2015\/03\/DSC_0089.jpg 555w, https:\/\/www.wildgardening.de\/wp-content\/uploads\/2015\/03\/DSC_0089-300x199.jpg 300w\" sizes=\"(max-width: 555px) 100vw, 555px\" \/><\/a><p id=\"caption-attachment-1753\" class=\"wp-caption-text\">Viburnum bodnantense \u2018Dawn&#8216;<\/p><\/div>\n<p style=\"text-align: justify;\">Der<em> Viburnum<\/em> war eines der Sorgenkinder im unserem letzten Fr\u00fchjahr. Da\u00a0wollte er nicht richtig bl\u00fchen. Dieses Jahr ist er t\u00fcchtig in Fahrt gekommen (er steht jetzt\u00a0drei Jahre) und verzaubert uns nun mit seinem feinen Duft.<\/p>\n<div id=\"attachment_1754\" style=\"width: 565px\" class=\"wp-caption aligncenter\"><a href=\"https:\/\/www.wildgardening.de\/wp-content\/uploads\/2015\/03\/DSC_0091.jpg\"><img aria-describedby=\"caption-attachment-1754\" decoding=\"async\" loading=\"lazy\" class=\"wp-image-1754 size-full\" src=\"https:\/\/www.wildgardening.de\/wp-content\/uploads\/2015\/03\/DSC_0091.jpg\" alt=\"Garten Blog | Wild Gardening | Ein Garten in der Heide | Corpus stolonifera\" width=\"555\" height=\"369\" srcset=\"https:\/\/www.wildgardening.de\/wp-content\/uploads\/2015\/03\/DSC_0091.jpg 555w, https:\/\/www.wildgardening.de\/wp-content\/uploads\/2015\/03\/DSC_0091-300x199.jpg 300w\" sizes=\"(max-width: 555px) 100vw, 555px\" \/><\/a><p id=\"caption-attachment-1754\" class=\"wp-caption-text\">Cornus stolonifera &#8218;Flaviramea&#8216;<\/p><\/div>\n<p style=\"text-align: justify;\">Immer wieder eine Freude beim Gartenrundgang: Der Wall mit den gelben Hartriegeln \u2013hier macht es echt die Masse! Und die Masse w\u00e4chst von Jahr zu Jahr erfreulich.<\/p>\n<div id=\"attachment_1756\" style=\"width: 565px\" class=\"wp-caption aligncenter\"><a href=\"https:\/\/www.wildgardening.de\/wp-content\/uploads\/2015\/03\/DSC_0102.jpg\"><img aria-describedby=\"caption-attachment-1756\" decoding=\"async\" loading=\"lazy\" class=\"wp-image-1756 size-full\" src=\"https:\/\/www.wildgardening.de\/wp-content\/uploads\/2015\/03\/DSC_0102.jpg\" alt=\"Gartenblog | Wild Gardening | Ein Garten in der Heide | Staudenbeet\" width=\"555\" height=\"369\" srcset=\"https:\/\/www.wildgardening.de\/wp-content\/uploads\/2015\/03\/DSC_0102.jpg 555w, https:\/\/www.wildgardening.de\/wp-content\/uploads\/2015\/03\/DSC_0102-300x199.jpg 300w\" sizes=\"(max-width: 555px) 100vw, 555px\" \/><\/a><p id=\"caption-attachment-1756\" class=\"wp-caption-text\">Staudenbeet nach R\u00fcckschnitt und Mulchen<\/p><\/div>\n<p style=\"text-align: justify;\">Und so sieht es bei den Staudenbeeten im Fr\u00fchling aus. Ein wenig trist. Aber das wird sich sehr bald und sehr schnell \u00e4ndern. In den n\u00e4chsten Tagen soll Regen kommen. Das wird allen Pflanzen gut tun: in den Staudenbeeten und im Bambusbereich. Wenn jetzt ein wirklich regenreiches Fr\u00fchjahr kommt\u00a0\u2013 nach dem milden Winter \u2013, dann steht\u00a0einem dschungelgleichen\u00a0Bambusjahr nichts mehr im Weg.<\/p>\n<div id=\"attachment_1757\" style=\"width: 565px\" class=\"wp-caption aligncenter\"><a href=\"https:\/\/www.wildgardening.de\/wp-content\/uploads\/2015\/03\/DSC_0164.jpg\"><img aria-describedby=\"caption-attachment-1757\" decoding=\"async\" loading=\"lazy\" class=\"wp-image-1757 size-full\" src=\"https:\/\/www.wildgardening.de\/wp-content\/uploads\/2015\/03\/DSC_0164.jpg\" alt=\"Wildgardening | Gartenblog | Ein Garten in der Heide | Bambus\" width=\"555\" height=\"368\" srcset=\"https:\/\/www.wildgardening.de\/wp-content\/uploads\/2015\/03\/DSC_0164.jpg 555w, https:\/\/www.wildgardening.de\/wp-content\/uploads\/2015\/03\/DSC_0164-300x199.jpg 300w\" sizes=\"(max-width: 555px) 100vw, 555px\" \/><\/a><p id=\"caption-attachment-1757\" class=\"wp-caption-text\">Phyllostachys aureosulcata &#8218;Aureocaulis&#8216;<\/p><\/div>\n<p>&nbsp;<\/p>\n","protected":false},"excerpt":{"rendered":"<p>Nun ist der M\u00e4rz auch schon wieder fast vorbei. Es gab\u00a0wenig Zeit zum Bloggen, leider auch zum G\u00e4rtnern. Aber dennoch sind der Staudenr\u00fcckschnitt, das Mulchen und das Aufbringen von Kompost irgendwie geschafft! Das Fr\u00fchjahr zeigt sich in unserem Garten noch &hellip; <a href=\"https:\/\/www.wildgardening.de\/?p=1749\">Weiterlesen <span class=\"meta-nav\">&rarr;<\/span><\/a><\/p>\n","protected":false},"author":5,"featured_media":0,"comment_status":"open","ping_status":"closed","sticky":false,"template":"","format":"standard","meta":[],"categories":[8,9,4,58],"tags":[63,39,72],"aioseo_notices":[],"_links":{"self":[{"href":"https:\/\/www.wildgardening.de\/index.php?rest_route=\/wp\/v2\/posts\/1749"}],"collection":[{"href":"https:\/\/www.wildgardening.de\/index.php?rest_route=\/wp\/v2\/posts"}],"about":[{"href":"https:\/\/www.wildgardening.de\/index.php?rest_route=\/wp\/v2\/types\/post"}],"author":[{"embeddable":true,"href":"https:\/\/www.wildgardening.de\/index.php?rest_route=\/wp\/v2\/users\/5"}],"replies":[{"embeddable":true,"href":"https:\/\/www.wildgardening.de\/index.php?rest_route=%2Fwp%2Fv2%2Fcomments&post=1749"}],"version-history":[{"count":5,"href":"https:\/\/www.wildgardening.de\/index.php?rest_route=\/wp\/v2\/posts\/1749\/revisions"}],"predecessor-version":[{"id":1762,"href":"https:\/\/www.wildgardening.de\/index.php?rest_route=\/wp\/v2\/posts\/1749\/revisions\/1762"}],"wp:attachment":[{"href":"https:\/\/www.wildgardening.de\/index.php?rest_route=%2Fwp%2Fv2%2Fmedia&parent=1749"}],"wp:term":[{"taxonomy":"category","embeddable":true,"href":"https:\/\/www.wildgardening.de\/index.php?rest_route=%2Fwp%2Fv2%2Fcategories&post=1749"},{"taxonomy":"post_tag","embeddable":true,"href":"https:\/\/www.wildgardening.de\/index.php?rest_route=%2Fwp%2Fv2%2Ftags&post=1749"}],"curies":[{"name":"wp","href":"https:\/\/api.w.org\/{rel}","templated":true}]}}