{"id":1566,"date":"2015-01-09T08:10:46","date_gmt":"2015-01-09T08:10:46","guid":{"rendered":"https:\/\/www.wildgardening.de\/?p=1566"},"modified":"2015-02-19T12:27:18","modified_gmt":"2015-02-19T12:27:18","slug":"braun","status":"publish","type":"post","link":"https:\/\/www.wildgardening.de\/?p=1566","title":{"rendered":"Braun!"},"content":{"rendered":"<p><img decoding=\"async\" loading=\"lazy\" class=\"aligncenter wp-image-1567 size-full\" src=\"https:\/\/www.wildgardening.de\/wp-content\/uploads\/2015\/01\/DSC_0234.jpg\" alt=\"Gartenblog | Wild Gardening | Braun Moodfoto| Garten Blog \u00fcber einen Garten in der Heide\" width=\"555\" height=\"369\" srcset=\"https:\/\/www.wildgardening.de\/wp-content\/uploads\/2015\/01\/DSC_0234.jpg 555w, https:\/\/www.wildgardening.de\/wp-content\/uploads\/2015\/01\/DSC_0234-300x199.jpg 300w\" sizes=\"(max-width: 555px) 100vw, 555px\" \/><\/p>\n<p style=\"text-align: justify;\">Angeregt zu diesem Post hat mich ein Tweet von <span style=\"color: #3366ff;\">@ThomasRainerDC<\/span>. Der Tweet bestand aus nur einem Satz:<\/p>\n<p style=\"text-align: justify;\">\u201eBrown is a color, too\u201c.<\/p>\n<p style=\"text-align: justify;\">Das Zitat stammt von Gartendesigner Piet Oudolf.<\/p>\n<p style=\"text-align: justify;\">Oft \u00fcbersehen wir die Sch\u00f6nheit und milde Sanftheit der Braunt\u00f6ne, die den Garten jetzt dominieren, aufgrund unserer nagenden Sehnsucht nach dem h\u00fcpfenden Bunt des Fr\u00fchlings. Wenn man den Gedanken des Vergehens \u2013 mit dem braune Pflanzen im Herbst und Winter meist assoziiert werden \u2013, einmal beiseite stellt und einfach nur anschaut, was sich an Bildern im Garten zeigt, dann erkennt man, dass Braun mit einer ruhigen, elegant-erdigen Grundnote warme Skulpturen schafft. Abwechselnd mit helleren Beiget\u00f6nen entstehen dann vor unseren Augen Gartengem\u00e4lde der besonderen Art. Have a look.<\/p>\n<div id=\"attachment_1569\" style=\"width: 565px\" class=\"wp-caption aligncenter\"><img aria-describedby=\"caption-attachment-1569\" decoding=\"async\" loading=\"lazy\" class=\"wp-image-1569 size-full\" src=\"https:\/\/www.wildgardening.de\/wp-content\/uploads\/2015\/01\/DSC_0229.jpg\" alt=\"Gartenblog | Wild Gardening | Aster ericoides | Garten Blog \u00fcber einen Garten in der Heide \" width=\"555\" height=\"369\" srcset=\"https:\/\/www.wildgardening.de\/wp-content\/uploads\/2015\/01\/DSC_0229.jpg 555w, https:\/\/www.wildgardening.de\/wp-content\/uploads\/2015\/01\/DSC_0229-300x199.jpg 300w\" sizes=\"(max-width: 555px) 100vw, 555px\" \/><p id=\"caption-attachment-1569\" class=\"wp-caption-text\">Aster ericoides<\/p><\/div>\n<div id=\"attachment_1570\" style=\"width: 565px\" class=\"wp-caption aligncenter\"><img aria-describedby=\"caption-attachment-1570\" decoding=\"async\" loading=\"lazy\" class=\"wp-image-1570 size-full\" src=\"https:\/\/www.wildgardening.de\/wp-content\/uploads\/2015\/01\/DSC_0219.jpg\" alt=\"Gartenblog | Wild Gardening | Solidago | Garten Blog \u00fcber einen Garten in der Heide \" width=\"555\" height=\"369\" srcset=\"https:\/\/www.wildgardening.de\/wp-content\/uploads\/2015\/01\/DSC_0219.jpg 555w, https:\/\/www.wildgardening.de\/wp-content\/uploads\/2015\/01\/DSC_0219-300x199.jpg 300w\" sizes=\"(max-width: 555px) 100vw, 555px\" \/><p id=\"caption-attachment-1570\" class=\"wp-caption-text\">Solidago (vorne rechts)<\/p><\/div>\n<div id=\"attachment_1568\" style=\"width: 565px\" class=\"wp-caption aligncenter\"><img aria-describedby=\"caption-attachment-1568\" decoding=\"async\" loading=\"lazy\" class=\"wp-image-1568 size-full\" src=\"https:\/\/www.wildgardening.de\/wp-content\/uploads\/2015\/01\/DSC_0236.jpg\" alt=\"Gartenblog | Wild Gardening | Sedum telephinum 'Herbstfreude' | Garten Blog \u00fcber einen Garten in der Heide \" width=\"555\" height=\"369\" srcset=\"https:\/\/www.wildgardening.de\/wp-content\/uploads\/2015\/01\/DSC_0236.jpg 555w, https:\/\/www.wildgardening.de\/wp-content\/uploads\/2015\/01\/DSC_0236-300x199.jpg 300w\" sizes=\"(max-width: 555px) 100vw, 555px\" \/><p id=\"caption-attachment-1568\" class=\"wp-caption-text\">Sedum telephinum &#8218;Herbstfreude&#8216;<\/p><\/div>\n<div id=\"attachment_1571\" style=\"width: 565px\" class=\"wp-caption aligncenter\"><a href=\"https:\/\/www.wildgardening.de\/wp-content\/uploads\/2015\/01\/DSC_0217.jpg\"><img aria-describedby=\"caption-attachment-1571\" decoding=\"async\" loading=\"lazy\" class=\"wp-image-1571 size-full\" src=\"https:\/\/www.wildgardening.de\/wp-content\/uploads\/2015\/01\/DSC_0217.jpg\" alt=\"Gartenblog | Wild Gardening | Aster pyrenaeus 'Lutetia' | Garten Blog \u00fcber einen Garten in der Heide \" width=\"555\" height=\"369\" srcset=\"https:\/\/www.wildgardening.de\/wp-content\/uploads\/2015\/01\/DSC_0217.jpg 555w, https:\/\/www.wildgardening.de\/wp-content\/uploads\/2015\/01\/DSC_0217-300x199.jpg 300w\" sizes=\"(max-width: 555px) 100vw, 555px\" \/><\/a><p id=\"caption-attachment-1571\" class=\"wp-caption-text\">Aster pyrenaeus &#8218;Lutetia&#8216; vor Panicum virgatum &#8218;Shenandoah&#8216;<\/p><\/div>\n<p>&nbsp;<\/p>\n","protected":false},"excerpt":{"rendered":"<p>Angeregt zu diesem Post hat mich ein Tweet von @ThomasRainerDC. Der Tweet bestand aus nur einem Satz: \u201eBrown is a color, too\u201c. Das Zitat stammt von Gartendesigner Piet Oudolf. Oft \u00fcbersehen wir die Sch\u00f6nheit und milde Sanftheit der Braunt\u00f6ne, die &hellip; <a href=\"https:\/\/www.wildgardening.de\/?p=1566\">Weiterlesen <span class=\"meta-nav\">&rarr;<\/span><\/a><\/p>\n","protected":false},"author":5,"featured_media":0,"comment_status":"open","ping_status":"closed","sticky":false,"template":"","format":"standard","meta":[],"categories":[58,12,30],"tags":[72,22,50,65],"aioseo_notices":[],"_links":{"self":[{"href":"https:\/\/www.wildgardening.de\/index.php?rest_route=\/wp\/v2\/posts\/1566"}],"collection":[{"href":"https:\/\/www.wildgardening.de\/index.php?rest_route=\/wp\/v2\/posts"}],"about":[{"href":"https:\/\/www.wildgardening.de\/index.php?rest_route=\/wp\/v2\/types\/post"}],"author":[{"embeddable":true,"href":"https:\/\/www.wildgardening.de\/index.php?rest_route=\/wp\/v2\/users\/5"}],"replies":[{"embeddable":true,"href":"https:\/\/www.wildgardening.de\/index.php?rest_route=%2Fwp%2Fv2%2Fcomments&post=1566"}],"version-history":[{"count":7,"href":"https:\/\/www.wildgardening.de\/index.php?rest_route=\/wp\/v2\/posts\/1566\/revisions"}],"predecessor-version":[{"id":1699,"href":"https:\/\/www.wildgardening.de\/index.php?rest_route=\/wp\/v2\/posts\/1566\/revisions\/1699"}],"wp:attachment":[{"href":"https:\/\/www.wildgardening.de\/index.php?rest_route=%2Fwp%2Fv2%2Fmedia&parent=1566"}],"wp:term":[{"taxonomy":"category","embeddable":true,"href":"https:\/\/www.wildgardening.de\/index.php?rest_route=%2Fwp%2Fv2%2Fcategories&post=1566"},{"taxonomy":"post_tag","embeddable":true,"href":"https:\/\/www.wildgardening.de\/index.php?rest_route=%2Fwp%2Fv2%2Ftags&post=1566"}],"curies":[{"name":"wp","href":"https:\/\/api.w.org\/{rel}","templated":true}]}}