{"id":1556,"date":"2014-12-31T16:26:23","date_gmt":"2014-12-31T16:26:23","guid":{"rendered":"https:\/\/www.wildgardening.de\/?p=1556"},"modified":"2015-02-19T12:27:48","modified_gmt":"2015-02-19T12:27:48","slug":"das-war-2014","status":"publish","type":"post","link":"https:\/\/www.wildgardening.de\/?p=1556","title":{"rendered":"Das war 2014"},"content":{"rendered":"<p>Ein Jahresr\u00fcckblick wie er intimer (und l\u00e4nger) kaum sein k\u00f6nnte \u2013 ein Auszug aus\u00a0unserem \u201eHandwritten Garden Diary\u201c:<\/p>\n<p style=\"text-align: center;\"><strong>JANUAR<\/strong><\/p>\n<p><a href=\"https:\/\/www.wildgardening.de\/wp-content\/uploads\/2014\/12\/DSC_0685.jpg\"><img decoding=\"async\" loading=\"lazy\" class=\"aligncenter wp-image-1544 size-full\" src=\"https:\/\/www.wildgardening.de\/wp-content\/uploads\/2014\/12\/DSC_0685.jpg\" alt=\"Gartenblog | Wild Gardening | Januar 2014 | Garten Blog \u00fcber einen Garten in der Heide\" width=\"555\" height=\"369\" srcset=\"https:\/\/www.wildgardening.de\/wp-content\/uploads\/2014\/12\/DSC_0685.jpg 555w, https:\/\/www.wildgardening.de\/wp-content\/uploads\/2014\/12\/DSC_0685-300x199.jpg 300w\" sizes=\"(max-width: 555px) 100vw, 555px\" \/><\/a><\/p>\n<p style=\"text-align: justify;\">1. Januar 2014<br \/>\n<em>Ein Vorfr\u00fchlingstag \u2013 und dabei war der Winter noch gar nicht da\u00a0\u2026<\/em><\/p>\n<p style=\"text-align: justify;\">2.\u00a0Januar 2014<br \/>\n<em>Galanthus elwesii bl\u00fcht!<\/em><\/p>\n<p style=\"text-align: justify;\">5.\u00a0Januar 2014<br \/>\n<em>Eine Birke im Wilden Garten (Selbstaussaat) auf Stock gesetzt \u2013 kommt ein Mehrst\u00e4mmchen wieder?<\/em><\/p>\n<h5 style=\"text-align: justify;\">Ja! Sieben stolze St\u00e4mme. Aber der Anblick, bis endlich der Austrieb kommt, ersch\u00fctterte einen schon bei jedem Gartenrundgang bis ins Mark.<\/h5>\n<p style=\"text-align: justify;\">23.\u00a0Januar 2014<br \/>\n<em>Der Winter kommt \u2013 empfindliche B\u00e4ume und Str\u00e4ucher (z. B. junge Parrotia persicas) mit Vlies ummantelt. Empfindliche Bambusse mit Styropor umpackt (Hibanobambusa tranquillans \u2018Shiroshima\u2019, Fargesia robusta \u201aBig Leaves\u2019, Phyllostachys nigra \u201aPunctata\u2019) &#8230; Die V\u00f6gel brauchen jetzt zweimal am Tag Futternachschub. Unser Buntspecht ist wieder regelm\u00e4\u00dfiger Gast.<\/em><\/p>\n<p style=\"text-align: justify;\">25.\u00a0Januar 2014<br \/>\n<em>Jetzt ist der Winter da: minus 13,1 Grad nachts<\/em><\/p>\n<p style=\"text-align: justify;\"><span style=\"color: #808080;\">Regenstatistik: Januar 2014 \u2013 58,75 Liter, Vergleich Januar 2013: 104 Liter<\/span><\/p>\n<p style=\"text-align: center;\"><strong>FEBRUAR<\/strong><\/p>\n<p style=\"text-align: center;\">\u00a0<img decoding=\"async\" loading=\"lazy\" class=\"alignnone wp-image-1537 size-full\" src=\"https:\/\/www.wildgardening.de\/wp-content\/uploads\/2014\/12\/DSC_0136.jpg\" alt=\"Gartenblog | Wild Gardening | Februar 2014 | Garten Blog \u00fcber einen Garten in der Heide\" width=\"555\" height=\"368\" srcset=\"https:\/\/www.wildgardening.de\/wp-content\/uploads\/2014\/12\/DSC_0136.jpg 555w, https:\/\/www.wildgardening.de\/wp-content\/uploads\/2014\/12\/DSC_0136-300x199.jpg 300w\" sizes=\"(max-width: 555px) 100vw, 555px\" \/><\/p>\n<p style=\"text-align: justify;\">2. Februar 2014<br \/>\n<em>Pl\u00f6tzlich sind alle Sanddorn- und Aroniafr\u00fcchte und auch die von Viburnum opulus und lantana \u00a0gefressen. Den Hasen mundet auch in diesem Jahr der Ginster wieder gut. <\/em><\/p>\n<p style=\"text-align: justify;\">8.<em>\u00a0<\/em>Februar 2014<br \/>\n<em>Frostfrei. Weiden und Cornus im Wilden Garten beschnitten.<\/em><\/p>\n<p style=\"text-align: justify;\">9.\u00a0Februar 2014<br \/>\n<em>Mit Helianthus-Schnitt begonnen. Staudenbeet-R\u00fcckschnitt startet.<\/em><\/p>\n<p style=\"text-align: justify;\">17. Februar 2014<br \/>\n<em>Cornus mas hat erste Bl\u00fctenans\u00e4tze.<\/em><\/p>\n<p style=\"text-align: justify;\">25.\u00a0Februar 2014<br \/>\n<em>Eremurus kommen raus. Zwei Winterlinge gucken raus, gehen aber nicht auf. Zu trocken?<\/em><\/p>\n<p style=\"text-align: justify;\">27. Februar 2014<br \/>\n<em>Langsam ist es richtig trocken &#8230;<\/em><em>\u00a0<\/em><\/p>\n<p><span style=\"color: #808080;\">Regenstatistik: Februar 2014 \u2013 45 Liter, Vergleich Februar 2013: 53,5 Liter<\/span><\/p>\n<p style=\"text-align: center;\"><strong>M\u00c4RZ<\/strong><\/p>\n<p style=\"text-align: center;\"><strong><img decoding=\"async\" loading=\"lazy\" class=\"alignnone wp-image-1538 size-full\" src=\"https:\/\/www.wildgardening.de\/wp-content\/uploads\/2014\/12\/DSC_0146.jpg\" alt=\"Gartenblog | Wild Gardening | M\u00e4rz 2014 | Garten Blog \u00fcber einen Garten in der Heide\" width=\"555\" height=\"369\" srcset=\"https:\/\/www.wildgardening.de\/wp-content\/uploads\/2014\/12\/DSC_0146.jpg 555w, https:\/\/www.wildgardening.de\/wp-content\/uploads\/2014\/12\/DSC_0146-300x199.jpg 300w\" sizes=\"(max-width: 555px) 100vw, 555px\" \/><\/strong><\/p>\n<p style=\"text-align: justify;\">1. M\u00e4rz 2014<br \/>\n<em>Versuch: Miscanthus x giganteus-Halme abschneiden, schreddern und erstmals als Mulch f\u00fcr einen Teil der Staudenbeete genutzt.<\/em><\/p>\n<h5 style=\"text-align: justify;\">Fazit: Sieht h\u00fcbsch aus und reduziert das Unkrautwachstum deutlich &#8230;<\/h5>\n<p style=\"text-align: justify;\">4. M\u00e4rz 2014<br \/>\n<em>Einige von unseren ersten Krokussen (gelb-lila) bl\u00fchen immer noch &#8230;<\/em><\/p>\n<h5 style=\"text-align: justify;\">Man sieht, im Diary nehmen wir es mit der Pflanzenbenamsung nicht immer so genau &#8230;<\/h5>\n<p style=\"text-align: justify;\">6. M\u00e4rz 2014<br \/>\n<em>Alles gr\u00fcnt unter der tollen Laubmulchschicht &#8230; Allium \u201aPurple Sensation\u2019 kommen schon t\u00fcchtig. <\/em><\/p>\n<p style=\"text-align: justify;\">9.\u00a0M\u00e4rz 2014<br \/>\n<em>Fast ein Sommertag. 18,5 Grad. Sonne<\/em><\/p>\n<p style=\"text-align: justify;\">12.\u00a0M\u00e4rz 2014<br \/>\n<em>Angefangen Kompost in den Staudenbeeten auszubringen. <\/em><\/p>\n<p style=\"text-align: justify;\">14.\u00a0M\u00e4rz 2014<br \/>\n<em>Die Blutpflaumen \u00f6ffnen ihre ersten Bl\u00fcten.<\/em><\/p>\n<h5 style=\"text-align: justify;\">Im Vergleich dazu: 2013 war das am 27. April! Ganze sechs Wochen sp\u00e4ter!<\/h5>\n<p style=\"text-align: justify;\">20. M\u00e4rz 2014<br \/>\n<em>Was f\u00fcr ein Fr\u00fchlingsanfang. Alles sprie\u00dft und die Blutpflaumen duften herrlich in der Sonne.<\/em><\/p>\n<p style=\"text-align: justify;\">22.\u00a0M\u00e4rz 2014<br \/>\n<em>Winterschutz von den Bambussen entfernt.<\/em><\/p>\n<p style=\"text-align: justify;\">24. M\u00e4rz 2014<br \/>\n<em>Baumscheiben im Wilden Garten und auf der Weide gej\u00e4tet &#8230; Immer wieder m\u00fchsam. &#8230; Clematis Gaur. Campanulina Plena setzt schon Bl\u00fcten an. Normalerweise bl\u00fcht sie im Mai!<\/em><\/p>\n<p style=\"text-align: justify;\">27.\u00a0M\u00e4rz 2014<br \/>\n<em>Start, die ersten Topfpflanzen aus der Veranda (dient uns im Winter als vorz\u00fcgliches Kalthaus) herauszur\u00e4umen.<\/em><\/p>\n<p style=\"text-align: justify;\">29.\u00a0M\u00e4rz 2014<br \/>\n<em>Die Magnolien \u00f6ffnen langsam ihre Bl\u00fcten.<\/em><\/p>\n<p style=\"text-align: justify;\"><span style=\"color: #808080;\">Regenstatistik: M\u00e4rz 2014 \u2013 25,7 Liter, Vergleich M\u00e4rz 2013: 28,8 Liter<\/span><\/p>\n<p style=\"text-align: center;\"><strong>APRIL<\/strong><\/p>\n<p><a href=\"https:\/\/www.wildgardening.de\/wp-content\/uploads\/2014\/12\/DSC_0185.jpg\"><img decoding=\"async\" loading=\"lazy\" class=\"aligncenter wp-image-1540 size-full\" src=\"https:\/\/www.wildgardening.de\/wp-content\/uploads\/2014\/12\/DSC_0185.jpg\" alt=\"Gartenblog | Wild Gardening | April 2014 | Garten Blog \u00fcber einen Garten in der Heide\" width=\"555\" height=\"369\" srcset=\"https:\/\/www.wildgardening.de\/wp-content\/uploads\/2014\/12\/DSC_0185.jpg 555w, https:\/\/www.wildgardening.de\/wp-content\/uploads\/2014\/12\/DSC_0185-300x199.jpg 300w\" sizes=\"(max-width: 555px) 100vw, 555px\" \/><\/a><\/p>\n<p>1. April 2014<br \/>\n<em>Bei Fargesia rufa schauen schon die ersten Triebe 1 cm unter dem Laubmulch raus.<\/em><\/p>\n<p style=\"text-align: justify;\">4.\u00a0April 2014<br \/>\n<em>Juhu \u2013 es regnet!<\/em><\/p>\n<p style=\"text-align: justify;\">7.\u00a0April 2014<br \/>\n<em>Erstes Rasenm\u00e4hen. Alles sprie\u00dft: au\u00dfer Mehlbeeren und Schlehe.<\/em><\/p>\n<h5 style=\"text-align: justify;\">Apropos Schwedische Mehlbeeren (<em>Sorbus intermedia<\/em>): Die beiden B\u00e4ume boten nach dem Fr\u00fchjahrsaustrieb f\u00fcr den Rest des Jahres erneut einen traurigen Anblick (2010 wurden sie gepflanzt.) Wir werden sie 2015 coppicen \u2013 und wenn das auch nichts bringt, kommen sie raus. Wahrscheinlich ist es einfach zu trocken f\u00fcr sie. Dabei sollen sie ja eigentlich sehr robust sein. Es ist halt manchmal im eignen Garten nicht wie im \u201eLehrbuch\u201c.<\/h5>\n<p style=\"text-align: justify;\">16.\u00a0April 2014<br \/>\n<em>Ordentlich Nachtfrost \u2013 und nichts abgedeckt! Kuchenb\u00e4ume und Hortensien haben deutliche Frostsch\u00e4den \u2013 wie schade! Auch der Fargesia-rufa-Neuaustrieb im Wilden Garten ist dahin. Die Herbstanemonen hat es ebenfalls erwischt. Und der kleine Catalpa scheint den Frost auch nicht \u00fcberlebt zu haben \u2013 ob der noch was wird?<\/em><\/p>\n<p style=\"text-align: justify;\">26. April 2014<br \/>\n<em>Der Flieder bl\u00fcht dieses Jahr 2,5 Wochen fr\u00fcher als sonst.<\/em><\/p>\n<p style=\"text-align: justify;\"><span style=\"color: #808080;\">Regenstatistik: April 2014 \u2013 52,25 Liter, Vergleich April 2013: 46,6 Liter<\/span><\/p>\n<p style=\"text-align: center;\"><strong>MAI<\/strong><\/p>\n<p><a href=\"https:\/\/www.wildgardening.de\/wp-content\/uploads\/2014\/12\/DSC_0070.jpg\"><img decoding=\"async\" loading=\"lazy\" class=\"aligncenter wp-image-1542 size-full\" src=\"https:\/\/www.wildgardening.de\/wp-content\/uploads\/2014\/12\/DSC_0292.jpg\" alt=\"Gartenblog | Wild Gardening | Mai 2014 | Garten Blog \u00fcber einen Garten in der Heide\" width=\"555\" height=\"369\" srcset=\"https:\/\/www.wildgardening.de\/wp-content\/uploads\/2014\/12\/DSC_0292.jpg 555w, https:\/\/www.wildgardening.de\/wp-content\/uploads\/2014\/12\/DSC_0292-300x199.jpg 300w\" sizes=\"(max-width: 555px) 100vw, 555px\" \/><\/a><\/p>\n<p style=\"text-align: justify;\">2. Mai 2014<br \/>\n<em>Das wird eine kalte Nacht: alle sensiblen T\u00f6pfe in die Veranda ger\u00e4umt, Kuchenb\u00e4ume mit Vlies ummantelt, Catalpa ebenfalls, Herbstanemonen mit abgedeckt.<\/em><\/p>\n<p style=\"text-align: justify;\">3.\u00a0Mai 2014<br \/>\n<em>Zweiter K\u00e4lteschock dieses Jahr. Selbst den Wegerich im Rasen hat es erwischt. Die hohen Shots von Fargesia robusta \u201aCampbell\u2019 knicken ab. Das wird kein guter Neuaustrieb\u00a0\u2026<\/em><\/p>\n<p style=\"text-align: justify;\">5.\u00a0<em style=\"text-align: justify;\">Mai 2014<br \/>\n<\/em><em>Die Frostsch\u00e4den sind enorm. Selbst harte Kandidaten wie Geranium, Deutzien, Spirae oder Alchemilla sind betroffen.<\/em><\/p>\n<p style=\"text-align: justify;\">18.\u00a0Mai 2014<br \/>\n<em>Sommerfeeling. Und das nur wenige Tage nach dem Frostschocker.<\/em><\/p>\n<p style=\"text-align: justify;\">23.<em style=\"text-align: justify;\"> Mai 2014<br \/>\n<\/em><em>Endlich: Phyllostachys vivax \u201aHuangwenzhu\u2019 zeigt recht kr\u00e4ftige Neuaustriebe. Jetzt kommen die Bambusse in Fahrt. Das wird doch gut.<\/em><\/p>\n<p style=\"text-align: justify;\"><span style=\"color: #808080;\">Regenstatistik: Mai 2014 \u2013 105,5 Liter, Vergleich Mai 2013: 187,25 Liter<\/span><\/p>\n<p style=\"text-align: center;\"><strong>JUNI<\/strong><\/p>\n<p><a href=\"https:\/\/www.wildgardening.de\/wp-content\/uploads\/2014\/12\/DSC_0070.jpg\"><img decoding=\"async\" loading=\"lazy\" class=\"aligncenter wp-image-1536 size-full\" src=\"https:\/\/www.wildgardening.de\/wp-content\/uploads\/2014\/12\/DSC_0070.jpg\" alt=\"Gartenblog | Wild Gardening | Juni 2014 | Garten Blog \u00fcber einen Garten in der Heide\" width=\"555\" height=\"369\" srcset=\"https:\/\/www.wildgardening.de\/wp-content\/uploads\/2014\/12\/DSC_0070.jpg 555w, https:\/\/www.wildgardening.de\/wp-content\/uploads\/2014\/12\/DSC_0070-300x199.jpg 300w\" sizes=\"(max-width: 555px) 100vw, 555px\" \/><\/a><\/p>\n<p style=\"text-align: justify;\">6. Juni 2014<br \/>\n<em>Weedcontrol &#8230; Weedcontrol &#8230; Weedcontrol &#8230;<\/em><\/p>\n<p style=\"text-align: justify;\">9.\u00a0Juni 2014<br \/>\n<em>Der Rambler Pauls Himalayan Musk bl\u00fcht wunderbar.<\/em><\/p>\n<p style=\"text-align: justify;\">12.\u00a0Juni 2014<br \/>\n<em>Weedcontrol &#8230; Weedcontrol &#8230; Weedcontrol &#8230;<\/em><\/p>\n<p style=\"text-align: justify;\">19. Juni 2014<br \/>\n<em>Zuwachs: Fargesia murielae \u201aPurple Dragon\u2019 und Fargesia murielae \u201aBlue Dragon\u2019, die neuen \u201eChinesen\u201c von Fred Vaupel.<\/em><\/p>\n<p style=\"text-align: justify;\">20. Juni 2014<br \/>\n<em>Anhaltend starker Wind. Das ist nicht gut f\u00fcr den Bambusneuaustrieb. Der st\u00e4rkste Trieb von Phyllostachys parvifolia ist schon gebrochen &#8230;<\/em><\/p>\n<p style=\"text-align: justify;\">21.\u00a0Juni 2014<br \/>\n<em>Phyllostachys glauca \u201aYunzhu\u2019 bl\u00fcht!<\/em><\/p>\n<p style=\"text-align: justify;\">24.\u00a0Juni 2014<br \/>\n<em>Pleioblastus fortunei bl\u00fcht auch!<\/em><\/p>\n<p style=\"text-align: justify;\"><em>26.\u00a0<\/em>Juni 2014<br \/>\n<em>Im Kreuzgarten hat sich Verbascum nigrum \u2013 eine schwarze K\u00f6nigskerze \u2013 angesiedelt. Toooollll! Im \u201echicken-run\u201c haben sich zwei gemeine Nachtkerzen ausges\u00e4t (Oenothera biennis) \u2013 klasse! Genauso soll das sein.<\/em><\/p>\n<p><span style=\"color: #808080;\">Regenstatistik: Juni 2014 \u2013 73,75 Liter, Vergleich Juni\u00a02013: 80,5 Liter<\/span><\/p>\n<p style=\"text-align: center;\"><strong>JULI<\/strong><\/p>\n<p style=\"text-align: center;\"><span style=\"text-decoration: underline;\"><img decoding=\"async\" loading=\"lazy\" class=\"aligncenter wp-image-1535 size-full\" src=\"https:\/\/www.wildgardening.de\/wp-content\/uploads\/2014\/12\/DSC_0009.jpg\" alt=\"Gartenblog | Wild Gardening | Juli 2014 | Garten Blog \u00fcber einen Garten in der Heide\" width=\"555\" height=\"368\" srcset=\"https:\/\/www.wildgardening.de\/wp-content\/uploads\/2014\/12\/DSC_0009.jpg 555w, https:\/\/www.wildgardening.de\/wp-content\/uploads\/2014\/12\/DSC_0009-300x199.jpg 300w\" sizes=\"(max-width: 555px) 100vw, 555px\" \/><\/span><\/p>\n<p style=\"text-align: justify;\">8. Juli 2014<br \/>\n<em>Wir haben unsere Bew\u00e4sserung immer noch nicht aktiviert. Es ist bereits Juli!<\/em><em>\u00a0<\/em><\/p>\n<h5 style=\"text-align: justify;\">Unsere Bew\u00e4sserung ist ein ausgekl\u00fcgeltes Schlauchsystem, das im Winter eingeholt und in der Regel im Fr\u00fchjahr wieder ausgelegt wird.<\/h5>\n<p style=\"text-align: justify;\">14. Juli 2014<br \/>\n<em>\u00dcber 200 Nacktschnecken gesammelt und auf dem \u201eH\u00fcgel\u201c wieder ausgesetzt.<\/em><\/p>\n<h5 style=\"text-align: justify;\">Dazu muss man wissen, dass Schnecken uns in den vergangenen Jahren sehr verschont haben. Es ist das erste Mal, dass wir in das allgemeing\u00fcltige G\u00e4rtner-Mantra \u00fcber das\u00a0abendliche Schneckensammeln einstimmen k\u00f6nnen.<\/h5>\n<p style=\"text-align: justify;\">18. Juli 2014<br \/>\n<em>Hochsommer!<\/em><\/p>\n<p style=\"text-align: justify;\">20<em>.\u00a0<\/em>Juli 2014<br \/>\n<em>Bambusneuzug\u00e4nge von Fred Vaupel: Fargesia nitida (S\u00e4mling \u201aCarwinion No. 2\u2019), Fargesia murielae \u201aEvergreen\u2019, Fargesia nitida \u201aFont\u00e4ne\u2019, Fargesia nitida \u201aViking\u2019, Fargesia murielae \u201aFreds Giant Dragon\u2019, Fargesia murielae \u201aDragon King\u2019. Wir sind gespannt, wie die sich bei unserem eher trockenen, durchaus mageren Boden, aber immerhin im Halbschatten so machen.<\/em><em>\u00a0<\/em><\/p>\n<h5 style=\"text-align: justify;\">Fazit des ersten halben Jahres: Alle gut angewachsen, stehen pr\u00e4chtig da. Sch\u00f6ne Bambusse! Vor allem die Chinesen! F\u00fcr uns \u2013 bei unserem trockenen Boden \u2013 eine weitere Herausforderung, was die Bew\u00e4sserung anbelangt.<\/h5>\n<p style=\"text-align: justify;\">27. Juli 2014<br \/>\n<em>Bew\u00e4sserung gelegt!<br \/>\n<\/em><em>Jetzt startet die Gie\u00dfsaison \u2013 sp\u00e4t dieses Jahr!<\/em><\/p>\n<p style=\"text-align: justify;\">31. Juli 2014<br \/>\n<em>Unsere Heleniums sind schw\u00e4cher in diesem Jahr, haben sich aber gut versamt.<\/em><\/p>\n<h5 style=\"text-align: justify;\">\u00dcberlegung: Heleniums im n\u00e4chsten Jahr tats\u00e4chlich schon teilen, damit sie wieder kraftvoller werden. Aus den Samen gewachsene Heleniums sind h\u00fcbsch, aber eben nicht \u201esortenrein\u201c. Viele verlieren dadurch ihre wundervolle Farbenpracht und mutieren in Richtung gelb. Und davon haben wir nun wahrlich schon genug bei uns im Garten &#8230;<\/h5>\n<p style=\"text-align: justify;\"><span style=\"color: #808080;\">Regenstatistik:<\/span>\u00a0<span style=\"color: #808080;\">Juli 2014 \u2013 102 Liter, Vergleich Juli 2013: 28 Liter<\/span><\/p>\n<p style=\"text-align: center;\"><strong>AUGUST<\/strong><\/p>\n<p><img decoding=\"async\" loading=\"lazy\" class=\"aligncenter wp-image-1543 size-full\" src=\"https:\/\/www.wildgardening.de\/wp-content\/uploads\/2014\/12\/DSC_0417.jpg\" alt=\"Gartenblog | Wild Gardening | August  2014 | Garten Blog \u00fcber einen Garten in der Heide\" width=\"555\" height=\"369\" srcset=\"https:\/\/www.wildgardening.de\/wp-content\/uploads\/2014\/12\/DSC_0417.jpg 555w, https:\/\/www.wildgardening.de\/wp-content\/uploads\/2014\/12\/DSC_0417-300x199.jpg 300w\" sizes=\"(max-width: 555px) 100vw, 555px\" \/><\/p>\n<p style=\"text-align: justify;\">1. August 2014<br \/>\n<em>Gie\u00dfen \u2013 und kein Ende.<\/em><\/p>\n<p style=\"text-align: justify;\">3. August 2014<br \/>\n<em>Es ist inzwischen so trocken, dass ein Liter Regen verpufft wie nichts.<\/em><\/p>\n<p style=\"text-align: justify;\">5. August 2014<br \/>\n<em>\u00dcberall regnet es, nur nicht bei uns. Es ist soooo strohtrocken &#8230;<\/em><\/p>\n<p style=\"text-align: justify;\">6. August 2014<br \/>\n<em>Kommen zu nichts anderem mehr. Gie\u00dfen gegen die Trockenheit an.<\/em><\/p>\n<p style=\"text-align: justify;\">7. August 2014<br \/>\n<em>ENDLICH: Etwas Regen<\/em><\/p>\n<p style=\"text-align: justify;\">17. August 2014<br \/>\n<em>Wisteria Sommerschnitt, Lavendelschnitt<\/em><\/p>\n<p style=\"text-align: justify;\">20. August 2014<br \/>\n<em>Eine tolle Entdeckung: Buddleja alternifolia ist wieder da.<\/em><\/p>\n<h5 style=\"text-align: justify;\">Der milde Winter hat sie noch einmal (ganz zart) durchkommen lassen. Vergangenes Jahr war sie nach dem schweren Winter in der Versenkung verschwunden. Aber die Pflanze hat \u00fcberlebt \u2013 toll!<\/h5>\n<p style=\"text-align: justify;\">27. August 2014<br \/>\n<em>Morgennebel \u2013 wundersch\u00f6n, aber herbstlich.<\/em><\/p>\n<p style=\"text-align: justify;\">30.<em>\u00a0<\/em>August 2014<br \/>\n<em>Rhizomarbeiten bei Phyllostachys aureosulcata \u201aAureocaulis\u2019, Ph. humilis und Ph. vivax \u201aHuangwenzhou\u2019 \u2013 der Boden ist soooooo trocken!<\/em><\/p>\n<p style=\"text-align: justify;\"><span style=\"color: #808080;\"><em>\u00a0<\/em>Regenstatistik:<\/span>\u00a0<span style=\"color: #808080;\">August 2014 \u2013 50,75 Liter, Vergleich August 2013: 52,75 Liter<\/span><\/p>\n<p style=\"text-align: center;\"><strong>SEPTEMBER<\/strong><\/p>\n<p style=\"text-align: center;\"><img decoding=\"async\" loading=\"lazy\" class=\"aligncenter wp-image-1545 size-full\" src=\"https:\/\/www.wildgardening.de\/wp-content\/uploads\/2014\/12\/DSC_0709.jpg\" alt=\"Gartenblog | Wild Gardening | September 2014 | Garten Blog \u00fcber einen Garten in der Heide\" width=\"555\" height=\"373\" srcset=\"https:\/\/www.wildgardening.de\/wp-content\/uploads\/2014\/12\/DSC_0709.jpg 555w, https:\/\/www.wildgardening.de\/wp-content\/uploads\/2014\/12\/DSC_0709-300x202.jpg 300w\" sizes=\"(max-width: 555px) 100vw, 555px\" \/><\/p>\n<p style=\"text-align: justify;\">2. September 2014<br \/>\n<em>Es ist soo trocken \u2013 gegen Abend rollt Phyllostachys propinqua die Bl\u00e4tter!<\/em><em>\u00a0<\/em><\/p>\n<h5 style=\"text-align: justify;\">Wenn Bambusse der Art Phyllostachys die Bl\u00e4tter rollen, wird es wirklich richtig ernst. Viele Fargesien tun dies hingegen regelm\u00e4\u00dfig, um bei starker Sonne und Trockenheit die Verdunstungsoberfl\u00e4che zu verkleinern. Tags\u00fcber ist das bei Fargesien (na ja, fast) okay. Sollten sie das allerdings auch bei Dunkelheit noch tun, hei\u00dft es: schleunigst gie\u00dfen!<\/h5>\n<p style=\"text-align: justify;\">4. September 2014<br \/>\n<em>Weitere Rhizomarbeiten im \u201eWilden Garten\u201c bei Phyllostachys propinqua und Ph. bissetii.<br \/>\n<\/em><em>Die Felsenbirne hat kaum noch Laub, die Trockenheit fordert ihren Tribut.<br \/>\n<\/em><em>Auch Ph. nigra \u201aHenonis\u2019 rollt die Bl\u00e4tter. Wir kommen mit Gie\u00dfen einfach nicht mehr hinterher, so trocken ist es.<\/em><\/p>\n<h5 style=\"text-align: justify;\">Das liegt nat\u00fcrlich auch an unserem Heideboden: Sand mit ein wenig Lehm. Da l\u00e4uft das Wasser einfach durch. Wir gie\u00dfen in Hochzeiten gute zwei Stunden am Tag, manchmal etwas l\u00e4nger. Mehr geht einfach nicht.<\/h5>\n<p style=\"text-align: justify;\">8. September 2014<br \/>\n<em>Gie\u00dfen, Gie\u00dfen, Gie\u00dfen<br \/>\n<\/em><\/p>\n<p style=\"text-align: justify;\">20.\u00a0September 2014<br \/>\n<em>Selbstausges\u00e4te B\u00e4ume, die \u00fcberleben d\u00fcrfen, im Wilden Garten markiert: eine Eiche und eine mehrst\u00e4mmige Birke sowie eine Zitterpappel.<br \/>\n<\/em><\/p>\n<p style=\"text-align: justify;\">23. September 2014<br \/>\n<em>Ein Hauch von Raureif.<\/em><\/p>\n<p style=\"text-align: justify;\">25. September 2014<br \/>\n<em>Die Brombeeren vertrocknen eher an der Pflanze, als dass sie reif werden &#8230;<\/em><\/p>\n<p style=\"text-align: justify;\"><span style=\"color: #808080;\">Regenstatistik:<\/span>\u00a0<span style=\"color: #808080;\">September 2014 \u2013 19,5 Liter, Vergleich September 2013: 79,5 Liter<\/span><\/p>\n<p style=\"text-align: center;\"><strong>OKTOBER<\/strong><\/p>\n<p><img decoding=\"async\" loading=\"lazy\" class=\"aligncenter wp-image-1546 size-full\" src=\"https:\/\/www.wildgardening.de\/wp-content\/uploads\/2014\/12\/DSC_0918.jpg\" alt=\"Gartenblog | Wild Gardening | Oktober 2014 | Garten Blog \u00fcber einen Garten in der Heide\" width=\"555\" height=\"369\" srcset=\"https:\/\/www.wildgardening.de\/wp-content\/uploads\/2014\/12\/DSC_0918.jpg 555w, https:\/\/www.wildgardening.de\/wp-content\/uploads\/2014\/12\/DSC_0918-300x199.jpg 300w\" sizes=\"(max-width: 555px) 100vw, 555px\" \/><\/p>\n<p style=\"text-align: justify;\">1. Oktober 2014<br \/>\n<em>Die Chinesen sind alle gut angewachsen. Alle treiben gut aus. Hoffentlich h\u00e4rten die Neuaustriebe genug aus vor dem Frost.<br \/>\n<\/em><\/p>\n<p style=\"text-align: justify;\">9.\u00a0Oktober 2014<br \/>\n<em>Erste Narzissenzwiebeln gesetzt: N. \u201aCarlton\u2019<\/em><\/p>\n<p style=\"text-align: justify;\">14. Oktober 2014<br \/>\n<em>Viburnum bodnantense \u201aDawn\u2019 bl\u00fcht<\/em><\/p>\n<p style=\"text-align: justify;\">16.\u00a0Oktober 2014<br \/>\n<em>Weitere Narzissenzwiebeln gesetzt: N. \u201aCarlton\u2019<\/em><\/p>\n<h5 style=\"text-align: justify;\">&#8230; und es folgen viele mehr.<\/h5>\n<p style=\"text-align: justify;\">26.\u00a0Oktober 2014<br \/>\n<em>Die Laubrechsaison startet.<\/em><\/p>\n<h5 style=\"text-align: justify;\">Wir nutzen das Laub als K\u00e4lteschutz f\u00fcr die Bambusse im Winter.<\/h5>\n<p style=\"text-align: justify;\"><span style=\"color: #808080;\">Regenstatistik:<\/span>\u00a0<span style=\"color: #808080;\">Oktober 2014 \u2013 58,75 Liter, Vergleich Oktober 2013: 133,25 Liter<\/span><\/p>\n<p style=\"text-align: center;\"><strong>NOVEMBER<\/strong><\/p>\n<p><img decoding=\"async\" loading=\"lazy\" class=\"aligncenter wp-image-1541 size-full\" src=\"https:\/\/www.wildgardening.de\/wp-content\/uploads\/2014\/12\/DSC_0200.jpg\" alt=\"Gartenblog | Wild Gardening | November 2014 | Garten Blog \u00fcber einen Garten in der Heide\" width=\"555\" height=\"368\" srcset=\"https:\/\/www.wildgardening.de\/wp-content\/uploads\/2014\/12\/DSC_0200.jpg 555w, https:\/\/www.wildgardening.de\/wp-content\/uploads\/2014\/12\/DSC_0200-300x199.jpg 300w\" sizes=\"(max-width: 555px) 100vw, 555px\" \/><\/p>\n<p>6. November 2014<br \/>\n<em>Herbstprinzen im Obsthof gepfl\u00fcckt.<\/em><\/p>\n<p>7.\u00a0November 2014<br \/>\n<em>Bew\u00e4sserungssystem eingeholt.<\/em><\/p>\n<p>11.\u00a0November 2014<br \/>\n<em>Vogelhaus aufgestellt &#8230; Gr\u00fcnspecht im Anflug<\/em><\/p>\n<p>15.\u00a0November 2014<br \/>\n<em>Iris reticulata kommen raus &#8230;<\/em><\/p>\n<p>22. November 2014<br \/>\n<em>Dahlien raus und eingelagert<br \/>\n<\/em><em>Tee drau\u00dfen\u00a0\ud83d\ude42<\/em><\/p>\n<p>28. November 2014<br \/>\n<em>Angefangen erste T\u00f6pfe ins Kalthaus zu stellen<\/em><\/p>\n<p><span style=\"color: #808080;\">Regenstatistik:<\/span>\u00a0<span style=\"color: #808080;\">November 2014 \u2013 35,5 Liter, Vergleich November 2013: 82,75 Liter<em>\u00a0<\/em><\/span><\/p>\n<p style=\"text-align: center;\"><strong>DEZEMBER<\/strong><\/p>\n<p><img decoding=\"async\" loading=\"lazy\" class=\"aligncenter wp-image-1539 size-full\" src=\"https:\/\/www.wildgardening.de\/wp-content\/uploads\/2014\/12\/DSC_0161.jpg\" alt=\"Gartenblog | Wild Gardening | Dezember 2014 | Garten Blog \u00fcber einen Garten in der Heide\" width=\"555\" height=\"369\" srcset=\"https:\/\/www.wildgardening.de\/wp-content\/uploads\/2014\/12\/DSC_0161.jpg 555w, https:\/\/www.wildgardening.de\/wp-content\/uploads\/2014\/12\/DSC_0161-300x199.jpg 300w\" sizes=\"(max-width: 555px) 100vw, 555px\" \/><\/p>\n<p>1. Dezember 2014<br \/>\n<em>Vorm Haus bl\u00fchen Primeln, Vinca minor und Helleborus<\/em><\/p>\n<p>3. Dezember 2014<br \/>\n<em>Alles ist drin im Kalthaus \u2013 jetzt kann der Winter kommen. Minus 4,2 Grad.<\/em><\/p>\n<p>5. Dezember 2014<br \/>\n<em>Die Sumpfeichen haben noch fast alle Bl\u00e4tter.<\/em><\/p>\n<p>9. Dezember 2014<br \/>\nMiscanthus sin. &#8218;Variegatus&#8216; und &#8218;Gracilimus&#8216; bl\u00fchen zum ersten Mal bei uns.<\/p>\n<p>12.\u00a0Dezember 2014<br \/>\n<em>Die Weidenk\u00e4tzchen fangen an zu bl\u00fchen und Lonicera purpusii auch.<\/em><\/p>\n<p>19. Dezember 2014<br \/>\n<em>Fast eine Woche Dauerregen &#8230;<\/em><\/p>\n<p>26.<em>\u00a0<\/em>Dezember 2014<br \/>\n<em>Nun kommt doch noch ein wenig Schnee zum 2. Weihnachtstag &#8230;<\/em><\/p>\n<p>28.\u00a0Dezember 2014<br \/>\n<em>Das war t\u00fcchtig kalt: minus 8,1 Grad. Es liegt noch immer ein Hauch von Schnee.<\/em><\/p>\n<p>31<i>.\u00a0<\/i>Dezember 2014<br \/>\nWir w\u00fcnschen allen unseren Lesern einen guten Rutsch nach 2015 und ein tolles neues Gartenjahr.<\/p>\n<p><span style=\"color: #808080;\">Regenstatistik:<\/span>\u00a0<span style=\"color: #808080;\">Dezember 2014 \u2013 167,5\u00a0Liter, Vergleich Dezember 2013: 82,25\u00a0Liter<\/span><\/p>\n<p><em>\u00a0<\/em><\/p>\n","protected":false},"excerpt":{"rendered":"<p>Ein Jahresr\u00fcckblick wie er intimer (und l\u00e4nger) kaum sein k\u00f6nnte \u2013 ein Auszug aus\u00a0unserem \u201eHandwritten Garden Diary\u201c: JANUAR 1. Januar 2014 Ein Vorfr\u00fchlingstag \u2013 und dabei war der Winter noch gar nicht da\u00a0\u2026 2.\u00a0Januar 2014 Galanthus elwesii bl\u00fcht! 5.\u00a0Januar 2014 &hellip; <a href=\"https:\/\/www.wildgardening.de\/?p=1556\">Weiterlesen <span class=\"meta-nav\">&rarr;<\/span><\/a><\/p>\n","protected":false},"author":7,"featured_media":1535,"comment_status":"open","ping_status":"closed","sticky":false,"template":"","format":"standard","meta":[],"categories":[8,9,70,12],"tags":[63,20,55,39,33,22,69,46,32,68,47,25,62],"aioseo_notices":[],"_links":{"self":[{"href":"https:\/\/www.wildgardening.de\/index.php?rest_route=\/wp\/v2\/posts\/1556"}],"collection":[{"href":"https:\/\/www.wildgardening.de\/index.php?rest_route=\/wp\/v2\/posts"}],"about":[{"href":"https:\/\/www.wildgardening.de\/index.php?rest_route=\/wp\/v2\/types\/post"}],"author":[{"embeddable":true,"href":"https:\/\/www.wildgardening.de\/index.php?rest_route=\/wp\/v2\/users\/7"}],"replies":[{"embeddable":true,"href":"https:\/\/www.wildgardening.de\/index.php?rest_route=%2Fwp%2Fv2%2Fcomments&post=1556"}],"version-history":[{"count":8,"href":"https:\/\/www.wildgardening.de\/index.php?rest_route=\/wp\/v2\/posts\/1556\/revisions"}],"predecessor-version":[{"id":1700,"href":"https:\/\/www.wildgardening.de\/index.php?rest_route=\/wp\/v2\/posts\/1556\/revisions\/1700"}],"wp:featuredmedia":[{"embeddable":true,"href":"https:\/\/www.wildgardening.de\/index.php?rest_route=\/wp\/v2\/media\/1535"}],"wp:attachment":[{"href":"https:\/\/www.wildgardening.de\/index.php?rest_route=%2Fwp%2Fv2%2Fmedia&parent=1556"}],"wp:term":[{"taxonomy":"category","embeddable":true,"href":"https:\/\/www.wildgardening.de\/index.php?rest_route=%2Fwp%2Fv2%2Fcategories&post=1556"},{"taxonomy":"post_tag","embeddable":true,"href":"https:\/\/www.wildgardening.de\/index.php?rest_route=%2Fwp%2Fv2%2Ftags&post=1556"}],"curies":[{"name":"wp","href":"https:\/\/api.w.org\/{rel}","templated":true}]}}