{"id":1503,"date":"2014-10-31T08:25:38","date_gmt":"2014-10-31T08:25:38","guid":{"rendered":"https:\/\/www.wildgardening.de\/?p=1503"},"modified":"2015-02-19T12:29:37","modified_gmt":"2015-02-19T12:29:37","slug":"herbstimpressionen","status":"publish","type":"post","link":"https:\/\/www.wildgardening.de\/?p=1503","title":{"rendered":"Herbstimpressionen"},"content":{"rendered":"<p style=\"text-align: justify;\">Jedes Jahr begeistert der Herbst wieder mit seiner ganz eigenen Stimmung. Wenn die Sonne die sich langsam verf\u00e4rbenden Pflanzen in ein warmes Licht taucht, wenn sich morgens Nebelschwaden z\u00f6gernd aufl\u00f6sen oder wenn einem der Duft von reifen \u00c4pfeln und feuchtem Herbstlaub in die Nase steigt.<\/p>\n<p>Hier einige Impressionen aus dem Wilden Garten:<\/p>\n<div id=\"attachment_1507\" style=\"width: 565px\" class=\"wp-caption aligncenter\"><a href=\"https:\/\/www.wildgardening.de\/wp-content\/uploads\/2014\/10\/Rhus2.jpg\"><img aria-describedby=\"caption-attachment-1507\" decoding=\"async\" loading=\"lazy\" class=\"wp-image-1507 size-full\" src=\"https:\/\/www.wildgardening.de\/wp-content\/uploads\/2014\/10\/Betula.jpg\" alt=\"Gartenblog | Wild Gardening | Betula utilis | Garten Blog \u00fcber einen Garten in der Heide\" width=\"555\" height=\"369\" srcset=\"https:\/\/www.wildgardening.de\/wp-content\/uploads\/2014\/10\/Betula.jpg 555w, https:\/\/www.wildgardening.de\/wp-content\/uploads\/2014\/10\/Betula-300x199.jpg 300w\" sizes=\"(max-width: 555px) 100vw, 555px\" \/><\/a><p id=\"caption-attachment-1507\" class=\"wp-caption-text\">Betula utilis<\/p><\/div>\n<p style=\"text-align: justify;\">Das Gegenlicht \u201evergoldet\u201c die sich l\u00f6sende Rinde von <em>Betula utilis<\/em>.<\/p>\n<div id=\"attachment_1506\" style=\"width: 565px\" class=\"wp-caption aligncenter\"><img aria-describedby=\"caption-attachment-1506\" decoding=\"async\" loading=\"lazy\" class=\"wp-image-1506 size-full\" src=\"https:\/\/www.wildgardening.de\/wp-content\/uploads\/2014\/10\/Cercidiphyllum.jpg\" alt=\"Gartenblog | Wild Gardening | Cercidiphyllum japonicum | Garten Blog \u00fcber einen Garten in der Heide\" width=\"555\" height=\"369\" srcset=\"https:\/\/www.wildgardening.de\/wp-content\/uploads\/2014\/10\/Cercidiphyllum.jpg 555w, https:\/\/www.wildgardening.de\/wp-content\/uploads\/2014\/10\/Cercidiphyllum-300x199.jpg 300w\" sizes=\"(max-width: 555px) 100vw, 555px\" \/><p id=\"caption-attachment-1506\" class=\"wp-caption-text\">Cercidiphyllum japonicum<\/p><\/div>\n<p style=\"text-align: justify;\">Einer der zuverl\u00e4ssigsten Herbstf\u00e4rber bei uns: die Katsurab\u00e4ume <em>Cercidiphyllum japonicum<\/em>.<\/p>\n<div id=\"attachment_1509\" style=\"width: 565px\" class=\"wp-caption aligncenter\"><img aria-describedby=\"caption-attachment-1509\" decoding=\"async\" loading=\"lazy\" class=\"wp-image-1509 size-full\" src=\"https:\/\/www.wildgardening.de\/wp-content\/uploads\/2014\/10\/Cercidiphyllum_jap.jpg\" alt=\"Gartenblog | Wild Gardening | Cercidiphyllum japonicum | Garten Blog \u00fcber einen Garten in der Heide\" width=\"555\" height=\"369\" srcset=\"https:\/\/www.wildgardening.de\/wp-content\/uploads\/2014\/10\/Cercidiphyllum_jap.jpg 555w, https:\/\/www.wildgardening.de\/wp-content\/uploads\/2014\/10\/Cercidiphyllum_jap-300x199.jpg 300w\" sizes=\"(max-width: 555px) 100vw, 555px\" \/><p id=\"caption-attachment-1509\" class=\"wp-caption-text\">Cercidiphyllum japonicum<\/p><\/div>\n<p style=\"text-align: justify;\">T\u00e4glich kann man sich bei den Katsurab\u00e4umen an neuen Farbwundern erfreuen.<\/p>\n<div id=\"attachment_1511\" style=\"width: 565px\" class=\"wp-caption aligncenter\"><img aria-describedby=\"caption-attachment-1511\" decoding=\"async\" loading=\"lazy\" class=\"wp-image-1511 size-full\" src=\"https:\/\/www.wildgardening.de\/wp-content\/uploads\/2014\/10\/Cotinus.jpg\" alt=\"Gartenblog | Wild Gardening | Cotinus coggygria 'Royal Purple'| Garten Blog \u00fcber einen Garten in der Heide\" width=\"555\" height=\"369\" srcset=\"https:\/\/www.wildgardening.de\/wp-content\/uploads\/2014\/10\/Cotinus.jpg 555w, https:\/\/www.wildgardening.de\/wp-content\/uploads\/2014\/10\/Cotinus-300x199.jpg 300w\" sizes=\"(max-width: 555px) 100vw, 555px\" \/><p id=\"caption-attachment-1511\" class=\"wp-caption-text\">Cotinus coggygria &#8218;Royal Purple&#8216;<\/p><\/div>\n<p>Setzt auch im Herbstlicht sch\u00f6ne Akzente: <em>Cotinus coggygria \u201aRoyal Purple\u2019<\/em>.<\/p>\n<div id=\"attachment_1505\" style=\"width: 565px\" class=\"wp-caption aligncenter\"><a href=\"https:\/\/www.wildgardening.de\/wp-content\/uploads\/2014\/10\/Cercis_canadensis.jpg\"><img aria-describedby=\"caption-attachment-1505\" decoding=\"async\" loading=\"lazy\" class=\"wp-image-1505 size-full\" src=\"https:\/\/www.wildgardening.de\/wp-content\/uploads\/2014\/10\/Cercis_canadensis.jpg\" alt=\"Gartenblog | Wild Gardening | Cercis canadensis 'Forest Pansy' | Garten Blog \u00fcber einen Garten in der Heide\" width=\"555\" height=\"369\" srcset=\"https:\/\/www.wildgardening.de\/wp-content\/uploads\/2014\/10\/Cercis_canadensis.jpg 555w, https:\/\/www.wildgardening.de\/wp-content\/uploads\/2014\/10\/Cercis_canadensis-300x199.jpg 300w\" sizes=\"(max-width: 555px) 100vw, 555px\" \/><\/a><p id=\"caption-attachment-1505\" class=\"wp-caption-text\">Cercis canadensis &#8218;Forest Pansy&#8216;<\/p><\/div>\n<p style=\"text-align: justify;\">Der Kanadische Judasbaum <em>Cercis canadensis \u201aForest Pansy\u2019<\/em> ist ein Garant f\u00fcr warme T\u00f6ne, die wunderbar mit seinen dunklen \u00c4sten korrespondieren.<\/p>\n<div id=\"attachment_1508\" style=\"width: 565px\" class=\"wp-caption aligncenter\"><a href=\"https:\/\/www.wildgardening.de\/wp-content\/uploads\/2014\/10\/Hydrangea.jpg\"><img aria-describedby=\"caption-attachment-1508\" decoding=\"async\" loading=\"lazy\" class=\"wp-image-1508 size-full\" src=\"https:\/\/www.wildgardening.de\/wp-content\/uploads\/2014\/10\/Hydrangea.jpg\" alt=\"Gartenblog | Wild Gardening | Hydrangea| Garten Blog \u00fcber einen Garten in der Heide\" width=\"555\" height=\"369\" srcset=\"https:\/\/www.wildgardening.de\/wp-content\/uploads\/2014\/10\/Hydrangea.jpg 555w, https:\/\/www.wildgardening.de\/wp-content\/uploads\/2014\/10\/Hydrangea-300x199.jpg 300w\" sizes=\"(max-width: 555px) 100vw, 555px\" \/><\/a><p id=\"caption-attachment-1508\" class=\"wp-caption-text\">Hydrangea<\/p><\/div>\n<p style=\"text-align: justify;\">Die verwelkenden Bl\u00fctenst\u00e4nde der Hortensien bereichern den Garten wochenlang mit ihrem Charme.<\/p>\n<div id=\"attachment_1510\" style=\"width: 565px\" class=\"wp-caption aligncenter\"><img aria-describedby=\"caption-attachment-1510\" decoding=\"async\" loading=\"lazy\" class=\"wp-image-1510 size-full\" src=\"https:\/\/www.wildgardening.de\/wp-content\/uploads\/2014\/10\/Rhus.jpg\" alt=\"Gartenblog | Wild Gardening | Raus typhina| Garten Blog \u00fcber einen Garten in der Heide\" width=\"555\" height=\"369\" srcset=\"https:\/\/www.wildgardening.de\/wp-content\/uploads\/2014\/10\/Rhus.jpg 555w, https:\/\/www.wildgardening.de\/wp-content\/uploads\/2014\/10\/Rhus-300x199.jpg 300w\" sizes=\"(max-width: 555px) 100vw, 555px\" \/><p id=\"caption-attachment-1510\" class=\"wp-caption-text\">Rhus typhina<\/p><\/div>\n<p style=\"text-align: justify;\">Sorgt allj\u00e4hrlich f\u00fcr ein Herbstfeuerwerk: <em>Rhus typhina<\/em>.<\/p>\n<div id=\"attachment_1504\" style=\"width: 565px\" class=\"wp-caption aligncenter\"><img aria-describedby=\"caption-attachment-1504\" decoding=\"async\" loading=\"lazy\" class=\"wp-image-1504 size-full\" src=\"https:\/\/www.wildgardening.de\/wp-content\/uploads\/2014\/10\/Rhus2.jpg\" alt=\"Gartenblog | Wild Gardening |Rhus typhina | Garten Blog \u00fcber einen Garten in der Heide\" width=\"555\" height=\"369\" srcset=\"https:\/\/www.wildgardening.de\/wp-content\/uploads\/2014\/10\/Rhus2.jpg 555w, https:\/\/www.wildgardening.de\/wp-content\/uploads\/2014\/10\/Rhus2-300x199.jpg 300w\" sizes=\"(max-width: 555px) 100vw, 555px\" \/><p id=\"caption-attachment-1504\" class=\"wp-caption-text\">Rhus typhina<\/p><\/div>\n","protected":false},"excerpt":{"rendered":"<p>Jedes Jahr begeistert der Herbst wieder mit seiner ganz eigenen Stimmung. Wenn die Sonne die sich langsam verf\u00e4rbenden Pflanzen in ein warmes Licht taucht, wenn sich morgens Nebelschwaden z\u00f6gernd aufl\u00f6sen oder wenn einem der Duft von reifen \u00c4pfeln und feuchtem &hellip; <a href=\"https:\/\/www.wildgardening.de\/?p=1503\">Weiterlesen <span class=\"meta-nav\">&rarr;<\/span><\/a><\/p>\n","protected":false},"author":4,"featured_media":1507,"comment_status":"open","ping_status":"closed","sticky":false,"template":"","format":"standard","meta":[],"categories":[1,9,58,6],"tags":[20,48,72,69],"aioseo_notices":[],"_links":{"self":[{"href":"https:\/\/www.wildgardening.de\/index.php?rest_route=\/wp\/v2\/posts\/1503"}],"collection":[{"href":"https:\/\/www.wildgardening.de\/index.php?rest_route=\/wp\/v2\/posts"}],"about":[{"href":"https:\/\/www.wildgardening.de\/index.php?rest_route=\/wp\/v2\/types\/post"}],"author":[{"embeddable":true,"href":"https:\/\/www.wildgardening.de\/index.php?rest_route=\/wp\/v2\/users\/4"}],"replies":[{"embeddable":true,"href":"https:\/\/www.wildgardening.de\/index.php?rest_route=%2Fwp%2Fv2%2Fcomments&post=1503"}],"version-history":[{"count":7,"href":"https:\/\/www.wildgardening.de\/index.php?rest_route=\/wp\/v2\/posts\/1503\/revisions"}],"predecessor-version":[{"id":1704,"href":"https:\/\/www.wildgardening.de\/index.php?rest_route=\/wp\/v2\/posts\/1503\/revisions\/1704"}],"wp:featuredmedia":[{"embeddable":true,"href":"https:\/\/www.wildgardening.de\/index.php?rest_route=\/wp\/v2\/media\/1507"}],"wp:attachment":[{"href":"https:\/\/www.wildgardening.de\/index.php?rest_route=%2Fwp%2Fv2%2Fmedia&parent=1503"}],"wp:term":[{"taxonomy":"category","embeddable":true,"href":"https:\/\/www.wildgardening.de\/index.php?rest_route=%2Fwp%2Fv2%2Fcategories&post=1503"},{"taxonomy":"post_tag","embeddable":true,"href":"https:\/\/www.wildgardening.de\/index.php?rest_route=%2Fwp%2Fv2%2Ftags&post=1503"}],"curies":[{"name":"wp","href":"https:\/\/api.w.org\/{rel}","templated":true}]}}