{"id":1475,"date":"2014-09-19T10:44:04","date_gmt":"2014-09-19T10:44:04","guid":{"rendered":"https:\/\/www.wildgardening.de\/?p=1475"},"modified":"2015-02-19T12:26:27","modified_gmt":"2015-02-19T12:26:27","slug":"augustseptember","status":"publish","type":"post","link":"https:\/\/www.wildgardening.de\/?p=1475","title":{"rendered":"August\/September"},"content":{"rendered":"<p style=\"text-align: justify;\">In den Monaten August und September l\u00e4uft unser Garten zur Hochform auf. Zeit also, ein wenig den Blick schweifen zu lassen:<\/p>\n<div id=\"attachment_1476\" style=\"width: 565px\" class=\"wp-caption aligncenter\"><a href=\"https:\/\/www.wildgardening.de\/wp-content\/uploads\/2014\/09\/DSC_0061.jpg\"><img aria-describedby=\"caption-attachment-1476\" decoding=\"async\" loading=\"lazy\" class=\"wp-image-1476 size-full\" src=\"https:\/\/www.wildgardening.de\/wp-content\/uploads\/2014\/09\/DSC_0061.jpg\" alt=\"Gartenblog | Wild Gardening | Daucus carota | Garten Blog \u00fcber einen Garten in der Heide\" width=\"555\" height=\"368\" srcset=\"https:\/\/www.wildgardening.de\/wp-content\/uploads\/2014\/09\/DSC_0061.jpg 555w, https:\/\/www.wildgardening.de\/wp-content\/uploads\/2014\/09\/DSC_0061-300x198.jpg 300w\" sizes=\"(max-width: 555px) 100vw, 555px\" \/><\/a><p id=\"caption-attachment-1476\" class=\"wp-caption-text\">Daucus carota und Hippophae rhamnoides<\/p><\/div>\n<p style=\"text-align: justify;\">Die Wilden M\u00f6hren <em>Daucus carota<\/em> haben sich dieses Jahr nicht nur auf unsere Wiesen beschr\u00e4nkt, sondern etablierten sich (hochwillkommen) nun auch in der Halbmondborder. Hier bilden sie zusammen mit den silbrigen Graut\u00f6nen des ebenfalls \u00fcppig sich vermehrenden Sanddorns\u00a0<em>Hippophae rhamnoides<\/em> ein harmonisches Bild. Sanddorn verbreitet seine Ausl\u00e4ufer in unserem Garten inzwischen \u00fcbrigens wilder als Bambus &#8230;<\/p>\n<div id=\"attachment_1477\" style=\"width: 565px\" class=\"wp-caption aligncenter\"><a href=\"https:\/\/www.wildgardening.de\/wp-content\/uploads\/2014\/09\/DSC_0065.jpg\"><img aria-describedby=\"caption-attachment-1477\" decoding=\"async\" loading=\"lazy\" class=\"wp-image-1477 size-full\" src=\"https:\/\/www.wildgardening.de\/wp-content\/uploads\/2014\/09\/DSC_0065.jpg\" alt=\"Gartenblog | Wild Gardening | Phyl. bissetii | Garten Blog \u00fcber einen Garten in der Heide\" width=\"555\" height=\"368\" srcset=\"https:\/\/www.wildgardening.de\/wp-content\/uploads\/2014\/09\/DSC_0065.jpg 555w, https:\/\/www.wildgardening.de\/wp-content\/uploads\/2014\/09\/DSC_0065-300x198.jpg 300w\" sizes=\"(max-width: 555px) 100vw, 555px\" \/><\/a><p id=\"caption-attachment-1477\" class=\"wp-caption-text\">Phyl. bissetii mit Prunus cerasifera \u201aNigra\u2019<\/p><\/div>\n<p style=\"text-align: justify;\">Der Sitzplatz im Wilden Garten (mit Feuerschale) ist inzwischen gut umrahmt von <em>Phyllostachys\u00a0<\/em><i>bissetii<\/i>. \u00dcberhaupt ist der Bambus in diesem Jahr pr\u00e4chtig \u2013 und es gab immer wieder zauberhafte Momente, wie diese dr\u00e4uende Gewitterstimmung \u00fcber Bissetii in der Wilden Wiese \u00a0\u2013\u00a0im\u00a0poppigen Farbkontrast zum Wasserdost, der \u00fcber dem\u00a0Staudenbeet schwebt.<\/p>\n<div id=\"attachment_1479\" style=\"width: 565px\" class=\"wp-caption aligncenter\"><a href=\"https:\/\/www.wildgardening.de\/wp-content\/uploads\/2014\/09\/DSC_0078.jpg\"><img aria-describedby=\"caption-attachment-1479\" decoding=\"async\" loading=\"lazy\" class=\"wp-image-1479 size-full\" src=\"https:\/\/www.wildgardening.de\/wp-content\/uploads\/2014\/09\/DSC_0078.jpg\" alt=\"Gartenblog | Wild Gardening | Gewitterstimmung| Garten Blog \u00fcber einen Garten in der Heide\" width=\"555\" height=\"368\" srcset=\"https:\/\/www.wildgardening.de\/wp-content\/uploads\/2014\/09\/DSC_0078.jpg 555w, https:\/\/www.wildgardening.de\/wp-content\/uploads\/2014\/09\/DSC_0078-300x198.jpg 300w\" sizes=\"(max-width: 555px) 100vw, 555px\" \/><\/a><p id=\"caption-attachment-1479\" class=\"wp-caption-text\">Phyl. bissetii hinter Eupatorium fistulosum \u201aRiesenschirm\u2019<\/p><\/div>\n<p style=\"text-align: justify;\">Auch eindrucksvoll: das \u201eTor\u201c, welches <em>Phyllostachys aureosulcata \u201aAureocaulis\u2019<\/em> und <em>Phyl. vivax \u201aHuangwenzhu\u2019<\/em> neuerdings zeigen. Es wirkt wie eine Eingangspforte zu einem Bambuswald. Nun, ganz soweit sind wir noch nicht &#8230;<\/p>\n<div id=\"attachment_1487\" style=\"width: 565px\" class=\"wp-caption aligncenter\"><a href=\"https:\/\/www.wildgardening.de\/wp-content\/uploads\/2014\/09\/DSC_0738.jpg\"><img aria-describedby=\"caption-attachment-1487\" decoding=\"async\" loading=\"lazy\" class=\"wp-image-1487 size-full\" src=\"https:\/\/www.wildgardening.de\/wp-content\/uploads\/2014\/09\/DSC_0738.jpg\" alt=\"Gartenblog | Wild Gardening | Bambusweide| Garten Blog \u00fcber einen Garten in der Heide\" width=\"555\" height=\"369\" srcset=\"https:\/\/www.wildgardening.de\/wp-content\/uploads\/2014\/09\/DSC_0738.jpg 555w, https:\/\/www.wildgardening.de\/wp-content\/uploads\/2014\/09\/DSC_0738-300x199.jpg 300w\" sizes=\"(max-width: 555px) 100vw, 555px\" \/><\/a><p id=\"caption-attachment-1487\" class=\"wp-caption-text\">Phyllostachys aureosulcata \u201aAureocaulis\u2019, Phyl. vivax \u201aHuangwenzhu\u2019 re., Fargesia denudata \u201aLancaster 1\u2019 li.<\/p><\/div>\n<p style=\"text-align: justify;\">Was den August und den September bisher in diesem Jahr vor allem ausgezeichnet hat, war die ausgepr\u00e4gte Trockenheit. Im Gegensatz zu S\u00fcddeutschland hatten wir extrem wenig Regen. Lediglich 58 Liter in sp\u00e4rlichen Einzelregenereignissen von nicht nennenswerter Gr\u00f6\u00dfe, verteilt \u00fcber sechs Wochen. Bei unserem Sandboden ist das viel zu wenig, besonders wenn ansonsten die Sonne herrlich scheint und ein leichter Wind weht. Entsprechend schwach ist daher auch unter anderem die Bl\u00fcte von Wasserdost, Sonnenbraut und Staudensonnenblumen ausgefallen.<\/p>\n<div id=\"attachment_1480\" style=\"width: 565px\" class=\"wp-caption aligncenter\"><a href=\"https:\/\/www.wildgardening.de\/wp-content\/uploads\/2014\/09\/DSC_0518.jpg\"><img aria-describedby=\"caption-attachment-1480\" decoding=\"async\" loading=\"lazy\" class=\"wp-image-1480 size-full\" src=\"https:\/\/www.wildgardening.de\/wp-content\/uploads\/2014\/09\/DSC_0518.jpg\" alt=\"Gartenblog | Wild Gardening | Eupatorium u.a. | Garten Blog \u00fcber einen Garten in der Heide\" width=\"555\" height=\"369\" srcset=\"https:\/\/www.wildgardening.de\/wp-content\/uploads\/2014\/09\/DSC_0518.jpg 555w, https:\/\/www.wildgardening.de\/wp-content\/uploads\/2014\/09\/DSC_0518-300x199.jpg 300w\" sizes=\"(max-width: 555px) 100vw, 555px\" \/><\/a><p id=\"caption-attachment-1480\" class=\"wp-caption-text\">Eupatorium fistulosum \u201aRiesenschirm\u2019 mit Helenium &#8218;Eldorado&#8216;, Panicum virgatum \u201aShenandoah\u2019 und Eryngium planum<\/p><\/div>\n<div id=\"attachment_1481\" style=\"width: 565px\" class=\"wp-caption aligncenter\"><a href=\"https:\/\/www.wildgardening.de\/wp-content\/uploads\/2014\/09\/DSC_0520.jpg\"><img aria-describedby=\"caption-attachment-1481\" decoding=\"async\" loading=\"lazy\" class=\"wp-image-1481 size-full\" src=\"https:\/\/www.wildgardening.de\/wp-content\/uploads\/2014\/09\/DSC_0520.jpg\" alt=\"Gartenblog | Wild Gardening | Helenium| Garten Blog \u00fcber einen Garten in der Heide\" width=\"555\" height=\"369\" srcset=\"https:\/\/www.wildgardening.de\/wp-content\/uploads\/2014\/09\/DSC_0520.jpg 555w, https:\/\/www.wildgardening.de\/wp-content\/uploads\/2014\/09\/DSC_0520-300x199.jpg 300w\" sizes=\"(max-width: 555px) 100vw, 555px\" \/><\/a><p id=\"caption-attachment-1481\" class=\"wp-caption-text\">Helenium (inzwischen nicht mehr sortenrein zu benennen) und Achnatherum calamagrostis<\/p><\/div>\n<div id=\"attachment_1488\" style=\"width: 565px\" class=\"wp-caption aligncenter\"><a href=\"https:\/\/www.wildgardening.de\/wp-content\/uploads\/2014\/09\/DSC_0743.jpg\"><img aria-describedby=\"caption-attachment-1488\" decoding=\"async\" loading=\"lazy\" class=\"wp-image-1488 size-full\" src=\"https:\/\/www.wildgardening.de\/wp-content\/uploads\/2014\/09\/DSC_0743.jpg\" alt=\"Gartenblog | Wild Gardening | Helianthus| Garten Blog \u00fcber einen Garten in der Heide\" width=\"555\" height=\"369\" srcset=\"https:\/\/www.wildgardening.de\/wp-content\/uploads\/2014\/09\/DSC_0743.jpg 555w, https:\/\/www.wildgardening.de\/wp-content\/uploads\/2014\/09\/DSC_0743-300x199.jpg 300w\" sizes=\"(max-width: 555px) 100vw, 555px\" \/><\/a><p id=\"caption-attachment-1488\" class=\"wp-caption-text\">Helianthus<\/p><\/div>\n<p style=\"text-align: justify;\">Alle bleiben sie weit hinter der Bl\u00fchkraft der vergangenen\u00a0Jahre zur\u00fcck. Ebenso die Astern im Staudenbeet. Vergangenes Jahr haben sie das Beet dominiert. Jetzt setzen sie nur einen lilanen Farbtupfer. Trotzdem h\u00fcbsch.<\/p>\n<div id=\"attachment_1489\" style=\"width: 565px\" class=\"wp-caption aligncenter\"><a href=\"https:\/\/www.wildgardening.de\/wp-content\/uploads\/2014\/09\/DSC_0802.jpg\"><img aria-describedby=\"caption-attachment-1489\" decoding=\"async\" loading=\"lazy\" class=\"wp-image-1489 size-full\" src=\"https:\/\/www.wildgardening.de\/wp-content\/uploads\/2014\/09\/DSC_0802.jpg\" alt=\"Gartenblog | Wild Gardening | Stuadenbeet| Garten Blog \u00fcber einen Garten in der Heide\" width=\"555\" height=\"369\" srcset=\"https:\/\/www.wildgardening.de\/wp-content\/uploads\/2014\/09\/DSC_0802.jpg 555w, https:\/\/www.wildgardening.de\/wp-content\/uploads\/2014\/09\/DSC_0802-300x199.jpg 300w\" sizes=\"(max-width: 555px) 100vw, 555px\" \/><\/a><p id=\"caption-attachment-1489\" class=\"wp-caption-text\">Staudenbeet \u2013 angelegt 2012<\/p><\/div>\n<div id=\"attachment_1490\" style=\"width: 565px\" class=\"wp-caption aligncenter\"><a href=\"https:\/\/www.wildgardening.de\/wp-content\/uploads\/2014\/09\/DSC_0813.jpg\"><img aria-describedby=\"caption-attachment-1490\" decoding=\"async\" loading=\"lazy\" class=\"wp-image-1490 size-full\" src=\"https:\/\/www.wildgardening.de\/wp-content\/uploads\/2014\/09\/DSC_0813.jpg\" alt=\"Gartenblog | Wild Gardening | Aster pyreneus \u201aLutetia\u2019| Garten Blog \u00fcber einen Garten in der Heide\" width=\"555\" height=\"369\" srcset=\"https:\/\/www.wildgardening.de\/wp-content\/uploads\/2014\/09\/DSC_0813.jpg 555w, https:\/\/www.wildgardening.de\/wp-content\/uploads\/2014\/09\/DSC_0813-300x199.jpg 300w\" sizes=\"(max-width: 555px) 100vw, 555px\" \/><\/a><p id=\"caption-attachment-1490\" class=\"wp-caption-text\">Aster pyreneus \u201aLutetia\u2019, Sedum telephium \u201aHerbstfreude\u2019 mit Sporobolus heterolepsis<\/p><\/div>\n<p style=\"text-align: justify;\">Was hingegen erfreut hat, war ein Neuzugang ebenfalls im Staudenbeet hinter dem Haus: Pummel. Eine Monarde. Hier eine Aufnahme mit der fast schon durchgebl\u00fchten robusten Sch\u00f6nheit.<\/p>\n<div id=\"attachment_1483\" style=\"width: 565px\" class=\"wp-caption aligncenter\"><a href=\"https:\/\/www.wildgardening.de\/wp-content\/uploads\/2014\/09\/DSC_0706.jpg\"><img aria-describedby=\"caption-attachment-1483\" decoding=\"async\" loading=\"lazy\" class=\"wp-image-1483 size-full\" src=\"https:\/\/www.wildgardening.de\/wp-content\/uploads\/2014\/09\/DSC_0706.jpg\" alt=\"Gartenblog | Wild Gardening | Monarda \u201aPummel\u2019| Garten Blog \u00fcber einen Garten in der Heide\" width=\"555\" height=\"369\" srcset=\"https:\/\/www.wildgardening.de\/wp-content\/uploads\/2014\/09\/DSC_0706.jpg 555w, https:\/\/www.wildgardening.de\/wp-content\/uploads\/2014\/09\/DSC_0706-300x199.jpg 300w\" sizes=\"(max-width: 555px) 100vw, 555px\" \/><\/a><p id=\"caption-attachment-1483\" class=\"wp-caption-text\">Monarda \u201aPummel\u2019<\/p><\/div>\n<p style=\"text-align: justify;\">Und wie in den ganzen letzten Jahren auch schon, begeistert <em>Leycesteria formosa<\/em> mit zuverl\u00e4ssiger Bl\u00fctenpower. Allerdings muss man dazu sagen, dass sie im Topf steht und im Kalthaus \u00fcberwintert.<\/p>\n<div id=\"attachment_1484\" style=\"width: 565px\" class=\"wp-caption aligncenter\"><a href=\"https:\/\/www.wildgardening.de\/wp-content\/uploads\/2014\/09\/DSC_0727.jpg\"><img aria-describedby=\"caption-attachment-1484\" decoding=\"async\" loading=\"lazy\" class=\"wp-image-1484 size-full\" src=\"https:\/\/www.wildgardening.de\/wp-content\/uploads\/2014\/09\/DSC_0727.jpg\" alt=\"Gartenblog | Wild Gardening | Leycesteria formosa | Garten Blog \u00fcber einen Garten in der Heide\" width=\"555\" height=\"373\" srcset=\"https:\/\/www.wildgardening.de\/wp-content\/uploads\/2014\/09\/DSC_0727.jpg 555w, https:\/\/www.wildgardening.de\/wp-content\/uploads\/2014\/09\/DSC_0727-300x201.jpg 300w\" sizes=\"(max-width: 555px) 100vw, 555px\" \/><\/a><p id=\"caption-attachment-1484\" class=\"wp-caption-text\">Leycesteria formosa<\/p><\/div>\n<p style=\"text-align: justify;\">Insgesamt hat man nun aber in den letzten Tagen schon deutlich den Eindruck, dass bald der Herbst Einzug h\u00e4lt: Morgentau, Spinnennetze und Blattf\u00e4rbungen nehmen zu.<\/p>\n<div id=\"attachment_1482\" style=\"width: 565px\" class=\"wp-caption aligncenter\"><a href=\"https:\/\/www.wildgardening.de\/wp-content\/uploads\/2014\/09\/DSC_0521.jpg\"><img aria-describedby=\"caption-attachment-1482\" decoding=\"async\" loading=\"lazy\" class=\"wp-image-1482 size-full\" src=\"https:\/\/www.wildgardening.de\/wp-content\/uploads\/2014\/09\/DSC_0521.jpg\" alt=\"Gartenblog | Wild Gardening | Spinnennetz in Cytisus beanii | Garten Blog \u00fcber einen Garten in der Heide\" width=\"555\" height=\"369\" srcset=\"https:\/\/www.wildgardening.de\/wp-content\/uploads\/2014\/09\/DSC_0521.jpg 555w, https:\/\/www.wildgardening.de\/wp-content\/uploads\/2014\/09\/DSC_0521-300x199.jpg 300w\" sizes=\"(max-width: 555px) 100vw, 555px\" \/><\/a><p id=\"caption-attachment-1482\" class=\"wp-caption-text\">Spinnennetz in Cytisus beanii<\/p><\/div>\n<p style=\"text-align: justify;\">Aber vieles, was jetzt bei uns gelb wird, ist auch der anhaltenden\u00a0Trockenheit geschuldet. Wie der Blick in den Birkenhain zeigt.<\/p>\n<div id=\"attachment_1486\" style=\"width: 565px\" class=\"wp-caption aligncenter\"><a href=\"https:\/\/www.wildgardening.de\/wp-content\/uploads\/2014\/09\/DSC_0736.jpg\"><img aria-describedby=\"caption-attachment-1486\" decoding=\"async\" loading=\"lazy\" class=\"wp-image-1486 size-full\" src=\"https:\/\/www.wildgardening.de\/wp-content\/uploads\/2014\/09\/DSC_0736.jpg\" alt=\"Gartenblog | Wild Gardening | Birkenhain | Garten Blog \u00fcber einen Garten in der Heide\" width=\"555\" height=\"369\" srcset=\"https:\/\/www.wildgardening.de\/wp-content\/uploads\/2014\/09\/DSC_0736.jpg 555w, https:\/\/www.wildgardening.de\/wp-content\/uploads\/2014\/09\/DSC_0736-300x199.jpg 300w\" sizes=\"(max-width: 555px) 100vw, 555px\" \/><\/a><p id=\"caption-attachment-1486\" class=\"wp-caption-text\">Birkenhain, Betula utilis var. jacquemontii<\/p><\/div>\n<p style=\"text-align: justify;\">Nichtsdestotrotz sind unsere \u201eHerbstanzeiger\u201c <em>Euonymus alatus <\/em>und<em> Euonymus planipes<\/em> schon t\u00fcchtig coloriert. Und die Sumpfeichen <em>Quercus palustris<\/em> ziehen mit. Es ist wohl nicht mehr lange Sommer. Genie\u00dfen wir die letzten warmen Sonnentage. Drau\u00dfen. Im Garten.<\/p>\n<div id=\"attachment_1485\" style=\"width: 565px\" class=\"wp-caption aligncenter\"><a href=\"https:\/\/www.wildgardening.de\/wp-content\/uploads\/2014\/09\/DSC_0732.jpg\"><img aria-describedby=\"caption-attachment-1485\" decoding=\"async\" loading=\"lazy\" class=\"wp-image-1485 size-full\" src=\"https:\/\/www.wildgardening.de\/wp-content\/uploads\/2014\/09\/DSC_0732.jpg\" alt=\"Gartenblog | Wild Gardening | Euonymus| Garten Blog \u00fcber einen Garten in der Heide\" width=\"555\" height=\"369\" srcset=\"https:\/\/www.wildgardening.de\/wp-content\/uploads\/2014\/09\/DSC_0732.jpg 555w, https:\/\/www.wildgardening.de\/wp-content\/uploads\/2014\/09\/DSC_0732-300x199.jpg 300w\" sizes=\"(max-width: 555px) 100vw, 555px\" \/><\/a><p id=\"caption-attachment-1485\" class=\"wp-caption-text\">Euonymus alatus und Euonymus planipes<\/p><\/div>\n<div id=\"attachment_1491\" style=\"width: 565px\" class=\"wp-caption aligncenter\"><a href=\"https:\/\/www.wildgardening.de\/wp-content\/uploads\/2014\/09\/DSC_0835.jpg\"><img aria-describedby=\"caption-attachment-1491\" decoding=\"async\" loading=\"lazy\" class=\"wp-image-1491 size-full\" src=\"https:\/\/www.wildgardening.de\/wp-content\/uploads\/2014\/09\/DSC_0835.jpg\" alt=\"Gartenblog | Wild Gardening | Quercus palustris | Garten Blog \u00fcber einen Garten in der Heide\" width=\"555\" height=\"369\" srcset=\"https:\/\/www.wildgardening.de\/wp-content\/uploads\/2014\/09\/DSC_0835.jpg 555w, https:\/\/www.wildgardening.de\/wp-content\/uploads\/2014\/09\/DSC_0835-300x199.jpg 300w\" sizes=\"(max-width: 555px) 100vw, 555px\" \/><\/a><p id=\"caption-attachment-1491\" class=\"wp-caption-text\">Quercus palustris<\/p><\/div>\n","protected":false},"excerpt":{"rendered":"<p>In den Monaten August und September l\u00e4uft unser Garten zur Hochform auf. Zeit also, ein wenig den Blick schweifen zu lassen: Die Wilden M\u00f6hren Daucus carota haben sich dieses Jahr nicht nur auf unsere Wiesen beschr\u00e4nkt, sondern etablierten sich (hochwillkommen) &hellip; <a href=\"https:\/\/www.wildgardening.de\/?p=1475\">Weiterlesen <span class=\"meta-nav\">&rarr;<\/span><\/a><\/p>\n","protected":false},"author":5,"featured_media":1479,"comment_status":"open","ping_status":"closed","sticky":false,"template":"","format":"standard","meta":[],"categories":[8,58,10],"tags":[63,48,72,22,68,47],"aioseo_notices":[],"_links":{"self":[{"href":"https:\/\/www.wildgardening.de\/index.php?rest_route=\/wp\/v2\/posts\/1475"}],"collection":[{"href":"https:\/\/www.wildgardening.de\/index.php?rest_route=\/wp\/v2\/posts"}],"about":[{"href":"https:\/\/www.wildgardening.de\/index.php?rest_route=\/wp\/v2\/types\/post"}],"author":[{"embeddable":true,"href":"https:\/\/www.wildgardening.de\/index.php?rest_route=\/wp\/v2\/users\/5"}],"replies":[{"embeddable":true,"href":"https:\/\/www.wildgardening.de\/index.php?rest_route=%2Fwp%2Fv2%2Fcomments&post=1475"}],"version-history":[{"count":10,"href":"https:\/\/www.wildgardening.de\/index.php?rest_route=\/wp\/v2\/posts\/1475\/revisions"}],"predecessor-version":[{"id":1706,"href":"https:\/\/www.wildgardening.de\/index.php?rest_route=\/wp\/v2\/posts\/1475\/revisions\/1706"}],"wp:featuredmedia":[{"embeddable":true,"href":"https:\/\/www.wildgardening.de\/index.php?rest_route=\/wp\/v2\/media\/1479"}],"wp:attachment":[{"href":"https:\/\/www.wildgardening.de\/index.php?rest_route=%2Fwp%2Fv2%2Fmedia&parent=1475"}],"wp:term":[{"taxonomy":"category","embeddable":true,"href":"https:\/\/www.wildgardening.de\/index.php?rest_route=%2Fwp%2Fv2%2Fcategories&post=1475"},{"taxonomy":"post_tag","embeddable":true,"href":"https:\/\/www.wildgardening.de\/index.php?rest_route=%2Fwp%2Fv2%2Ftags&post=1475"}],"curies":[{"name":"wp","href":"https:\/\/api.w.org\/{rel}","templated":true}]}}