{"id":1459,"date":"2014-08-20T13:27:46","date_gmt":"2014-08-20T13:27:46","guid":{"rendered":"https:\/\/www.wildgardening.de\/?p=1459"},"modified":"2015-02-19T12:32:21","modified_gmt":"2015-02-19T12:32:21","slug":"willkommene-gaeste-im-wilden-garten","status":"publish","type":"post","link":"https:\/\/www.wildgardening.de\/?p=1459","title":{"rendered":"Willkommene G\u00e4ste im Wilden Garten"},"content":{"rendered":"<div id=\"attachment_1464\" style=\"width: 565px\" class=\"wp-caption aligncenter\"><a href=\"https:\/\/www.wildgardening.de\/wp-content\/uploads\/2014\/08\/Oenothera_biennis4.jpg\"><img aria-describedby=\"caption-attachment-1464\" decoding=\"async\" loading=\"lazy\" class=\"wp-image-1464 size-full\" src=\"https:\/\/www.wildgardening.de\/wp-content\/uploads\/2014\/08\/Oenothera_biennis4.jpg\" alt=\"Gartenblog | Wild Gardening | Oenothera biennis| Garten Blog \u00fcber einen Garten in der Heide\" width=\"555\" height=\"369\" srcset=\"https:\/\/www.wildgardening.de\/wp-content\/uploads\/2014\/08\/Oenothera_biennis4.jpg 555w, https:\/\/www.wildgardening.de\/wp-content\/uploads\/2014\/08\/Oenothera_biennis4-300x199.jpg 300w\" sizes=\"(max-width: 555px) 100vw, 555px\" \/><\/a><p id=\"caption-attachment-1464\" class=\"wp-caption-text\">Bl\u00fcte von Oenothera biennis<\/p><\/div>\n<p style=\"text-align: justify;\">Zu den sch\u00f6nsten \u00dcberraschungen beim Schlendern durch den Garten z\u00e4hlen f\u00fcr mich die Momente, in denen ich beim ziellosen Umherstreifen pl\u00f6tzlich v\u00f6llig erstaunt vor einer Pflanze stehe, die ich dort noch nie zuvor gesehen habe. K\u00f6nnte ich jedenfalls schw\u00f6ren. Andererseits w\u00e4chst nat\u00fcrlich auch das dynamischste Gr\u00fcn selten \u00fcber Nacht bis zur vollen Bl\u00fcte \u2026 Aber ganz sicher haben nicht wir sie dort oder an anderer Stelle im Garten gepflanzt oder ausges\u00e4t.<\/p>\n<p style=\"text-align: justify;\">Solch willkommene G\u00e4ste \u2013 in diesem Jahr sind mir bisher zum Gl\u00fcck nur sehr erfreuliche Neuzug\u00e4nge aufgefallen\u00a0\u2013 kommen meist aus dem Reich der Wildpflanzen. Was ja perfekt zum Wilden Garten passt.<\/p>\n<div id=\"attachment_1467\" style=\"width: 565px\" class=\"wp-caption aligncenter\"><a href=\"https:\/\/www.wildgardening.de\/wp-content\/uploads\/2014\/08\/Verbascum_nigrum2.jpg\"><img aria-describedby=\"caption-attachment-1467\" decoding=\"async\" loading=\"lazy\" class=\"wp-image-1467 size-full\" src=\"https:\/\/www.wildgardening.de\/wp-content\/uploads\/2014\/08\/Verbascum_nigrum2.jpg\" alt=\"Gartenblog | Wild Gardening | Verbascum nigrum | Garten Blog \u00fcber einen Garten in der Heide\" width=\"555\" height=\"369\" srcset=\"https:\/\/www.wildgardening.de\/wp-content\/uploads\/2014\/08\/Verbascum_nigrum2.jpg 555w, https:\/\/www.wildgardening.de\/wp-content\/uploads\/2014\/08\/Verbascum_nigrum2-300x199.jpg 300w\" sizes=\"(max-width: 555px) 100vw, 555px\" \/><\/a><p id=\"caption-attachment-1467\" class=\"wp-caption-text\">Verbascum nigrum zwischen Sanguisorba-Bl\u00fcten<\/p><\/div>\n<p>Als erste lugte eines Morgens eine Schwarze K\u00f6nigskerze (<em>Verbascum nigrum<\/em>) in einem Staudenbeet zwischen verschiedenen Gr\u00e4sern und Wiesenkn\u00f6pfen hervor. Wunderh\u00fcbsch sah das aus: Der Bl\u00fctenstand hatte sich heimlich mitten in die kleinen weinroten <em>Sanguisorba<\/em>-Wolken gemogelt.<\/p>\n<div id=\"attachment_1461\" style=\"width: 565px\" class=\"wp-caption aligncenter\"><a href=\"https:\/\/www.wildgardening.de\/wp-content\/uploads\/2014\/08\/Verbascum_nigrum.jpg\"><img aria-describedby=\"caption-attachment-1461\" decoding=\"async\" loading=\"lazy\" class=\"wp-image-1461 size-full\" src=\"https:\/\/www.wildgardening.de\/wp-content\/uploads\/2014\/08\/Verbascum_nigrum.jpg\" alt=\"Gartenblog | Wild Gardening | Verbascum nigrum | Garten Blog \u00fcber einen Garten in der Heide\" width=\"555\" height=\"369\" srcset=\"https:\/\/www.wildgardening.de\/wp-content\/uploads\/2014\/08\/Verbascum_nigrum.jpg 555w, https:\/\/www.wildgardening.de\/wp-content\/uploads\/2014\/08\/Verbascum_nigrum-300x199.jpg 300w\" sizes=\"(max-width: 555px) 100vw, 555px\" \/><\/a><p id=\"caption-attachment-1461\" class=\"wp-caption-text\">Verbascum nigrum<\/p><\/div>\n<p>Nun hoffen wir, dass sie sich dort etabliert und uns in den kommenden Jahren wieder mit ihren sch\u00f6nen zartgelben \u00c4hren erfreut.<\/p>\n<div id=\"attachment_1463\" style=\"width: 565px\" class=\"wp-caption aligncenter\"><a href=\"https:\/\/www.wildgardening.de\/wp-content\/uploads\/2014\/08\/Sanguisorba_minor.jpg\"><img aria-describedby=\"caption-attachment-1463\" decoding=\"async\" loading=\"lazy\" class=\"wp-image-1463 size-full\" src=\"https:\/\/www.wildgardening.de\/wp-content\/uploads\/2014\/08\/Oenothera_biennis.jpg\" alt=\"Gartenblog | Wild Gardening | Oenothera biennis | Garten Blog \u00fcber einen Garten in der Heide\" width=\"555\" height=\"369\" srcset=\"https:\/\/www.wildgardening.de\/wp-content\/uploads\/2014\/08\/Oenothera_biennis.jpg 555w, https:\/\/www.wildgardening.de\/wp-content\/uploads\/2014\/08\/Oenothera_biennis-300x199.jpg 300w\" sizes=\"(max-width: 555px) 100vw, 555px\" \/><\/a><p id=\"caption-attachment-1463\" class=\"wp-caption-text\">Oenothera biennis<\/p><\/div>\n<p style=\"text-align: justify;\">Noch auff\u00e4lliger pr\u00e4sentiert sich die Gemeine Nachtkerze <em>Oenothera biennis<\/em> mit ihren gro\u00dfen Bl\u00fctenst\u00e4nden. \u00dcber Wochen kann man ab Juni die leuchtenden gelben Farbtupfer der Bl\u00fcten genie\u00dfen, die besonders am Abend, wenn sie sich gerade ge\u00f6ffnet haben, einen sehr angenehmen Duft verstr\u00f6men.<\/p>\n<div id=\"attachment_1465\" style=\"width: 565px\" class=\"wp-caption aligncenter\"><img aria-describedby=\"caption-attachment-1465\" decoding=\"async\" loading=\"lazy\" class=\"wp-image-1465 size-full\" src=\"https:\/\/www.wildgardening.de\/wp-content\/uploads\/2014\/08\/Oenothera_biennis2.jpg\" alt=\"Gartenblog | Wild Gardening | Oenothera biennis | Garten Blog \u00fcber einen Garten in der Heide\" width=\"555\" height=\"369\" srcset=\"https:\/\/www.wildgardening.de\/wp-content\/uploads\/2014\/08\/Oenothera_biennis2.jpg 555w, https:\/\/www.wildgardening.de\/wp-content\/uploads\/2014\/08\/Oenothera_biennis2-300x199.jpg 300w\" sizes=\"(max-width: 555px) 100vw, 555px\" \/><p id=\"caption-attachment-1465\" class=\"wp-caption-text\">Oenothera biennis<\/p><\/div>\n<p style=\"text-align: justify;\">Es ist Tag um Tag ein Aufbl\u00fchen und Schlie\u00dfen.<\/p>\n<div id=\"attachment_1460\" style=\"width: 565px\" class=\"wp-caption aligncenter\"><a href=\"https:\/\/www.wildgardening.de\/wp-content\/uploads\/2014\/08\/Oenothera4.jpg\"><img aria-describedby=\"caption-attachment-1460\" decoding=\"async\" loading=\"lazy\" class=\"wp-image-1460 size-full\" src=\"https:\/\/www.wildgardening.de\/wp-content\/uploads\/2014\/08\/Oenothera4.jpg\" alt=\"Gartenblog | Wild Gardening | Oenothera biennis | Garten Blog \u00fcber einen Garten in der Heide\" width=\"555\" height=\"368\" srcset=\"https:\/\/www.wildgardening.de\/wp-content\/uploads\/2014\/08\/Oenothera4.jpg 555w, https:\/\/www.wildgardening.de\/wp-content\/uploads\/2014\/08\/Oenothera4-300x198.jpg 300w\" sizes=\"(max-width: 555px) 100vw, 555px\" \/><\/a><p id=\"caption-attachment-1460\" class=\"wp-caption-text\">Oenothera biennis im Staudenbeet<\/p><\/div>\n<p style=\"text-align: justify;\">Die erste Nachtkerze muss sich bereits vor zwei Jahren bei uns niedergelassen haben, denn schon im vergangenen Sommer entdeckten wir einen Bl\u00fctenstand der zweij\u00e4hrigen Wildstaude in einem Beet.<\/p>\n<p style=\"text-align: justify;\">Durch Selbstaussaat hat sie sich nun weiterverbreitet und so konnten wir in diesem Jahr schon vier bl\u00fchende Pflanzen z\u00e4hlen sowie einige Blattrosetten, die sich im kommenden Sommer hoffentlich alle zu gelben Bl\u00fchwundern entwickeln. Da sie trockene B\u00f6den und Sonne liebt, sollte sie sich bei uns dauerhaft wohlf\u00fchlen.<\/p>\n<div id=\"attachment_1462\" style=\"width: 565px\" class=\"wp-caption aligncenter\"><a href=\"https:\/\/www.wildgardening.de\/wp-content\/uploads\/2014\/08\/Sanguisorba_minor.jpg\"><img aria-describedby=\"caption-attachment-1462\" decoding=\"async\" loading=\"lazy\" class=\"wp-image-1462 size-full\" src=\"https:\/\/www.wildgardening.de\/wp-content\/uploads\/2014\/08\/Sanguisorba_minor.jpg\" alt=\"Gartenblog | Wild Gardening | Sanguisorba minor| Garten Blog \u00fcber einen Garten in der Heide\" width=\"555\" height=\"369\" srcset=\"https:\/\/www.wildgardening.de\/wp-content\/uploads\/2014\/08\/Sanguisorba_minor.jpg 555w, https:\/\/www.wildgardening.de\/wp-content\/uploads\/2014\/08\/Sanguisorba_minor-300x199.jpg 300w\" sizes=\"(max-width: 555px) 100vw, 555px\" \/><\/a><p id=\"caption-attachment-1462\" class=\"wp-caption-text\">Sanguisorba minor<\/p><\/div>\n<p style=\"text-align: justify;\">Ganz zur\u00fcckhaltend zeigt sich dagegen der Kleine Wiesenknopf <em>Sanguisorba minor <\/em>in unseren wilden Grasarealen.<\/p>\n<div id=\"attachment_1466\" style=\"width: 565px\" class=\"wp-caption aligncenter\"><a href=\"https:\/\/www.wildgardening.de\/wp-content\/uploads\/2014\/08\/sanguisorba_minor2.jpg\"><img aria-describedby=\"caption-attachment-1466\" decoding=\"async\" loading=\"lazy\" class=\"wp-image-1466 size-full\" src=\"https:\/\/www.wildgardening.de\/wp-content\/uploads\/2014\/08\/sanguisorba_minor2.jpg\" alt=\"Gartenblog | Wild Gardening | Sanguisorba minor| Garten Blog \u00fcber einen Garten in der Heide\" width=\"555\" height=\"369\" srcset=\"https:\/\/www.wildgardening.de\/wp-content\/uploads\/2014\/08\/sanguisorba_minor2.jpg 555w, https:\/\/www.wildgardening.de\/wp-content\/uploads\/2014\/08\/sanguisorba_minor2-300x199.jpg 300w\" sizes=\"(max-width: 555px) 100vw, 555px\" \/><\/a><p id=\"caption-attachment-1466\" class=\"wp-caption-text\">Sanguisorba minor<\/p><\/div>\n<p style=\"text-align: justify;\">W\u00e4hrend die Wiesenkn\u00f6pfe in den Beeten stattliche H\u00f6hen von bis zu 1,50 m erreichen, bleibt ihr kleiner Bruder deutlich darunter und f\u00e4llt so in dem hohen Wirrwarr aus unterschiedlichen Gr\u00e4sern und Wildpflanzen kaum auf. Zumal die Bl\u00fctenk\u00f6pfchen eher unscheinbar aber dennoch ganz reizend sind, wie ich finde. Der Plan lautet jetzt: Die jungen Bl\u00e4tter der Pimpinelle \u2013 wie der Kleine Wiesenknopf auch genannt wird \u2013 mit ihrem bitter-nussigen Geschmack endlich einmal im Salat und als W\u00fcrze in anderen Speisen zu testen. Ich bin gespannt.<\/p>\n","protected":false},"excerpt":{"rendered":"<p>Zu den sch\u00f6nsten \u00dcberraschungen beim Schlendern durch den Garten z\u00e4hlen f\u00fcr mich die Momente, in denen ich beim ziellosen Umherstreifen pl\u00f6tzlich v\u00f6llig erstaunt vor einer Pflanze stehe, die ich dort noch nie zuvor gesehen habe. K\u00f6nnte ich jedenfalls schw\u00f6ren. Andererseits &hellip; <a href=\"https:\/\/www.wildgardening.de\/?p=1459\">Weiterlesen <span class=\"meta-nav\">&rarr;<\/span><\/a><\/p>\n","protected":false},"author":4,"featured_media":1464,"comment_status":"open","ping_status":"closed","sticky":false,"template":"","format":"standard","meta":[],"categories":[58,5],"tags":[],"aioseo_notices":[],"_links":{"self":[{"href":"https:\/\/www.wildgardening.de\/index.php?rest_route=\/wp\/v2\/posts\/1459"}],"collection":[{"href":"https:\/\/www.wildgardening.de\/index.php?rest_route=\/wp\/v2\/posts"}],"about":[{"href":"https:\/\/www.wildgardening.de\/index.php?rest_route=\/wp\/v2\/types\/post"}],"author":[{"embeddable":true,"href":"https:\/\/www.wildgardening.de\/index.php?rest_route=\/wp\/v2\/users\/4"}],"replies":[{"embeddable":true,"href":"https:\/\/www.wildgardening.de\/index.php?rest_route=%2Fwp%2Fv2%2Fcomments&post=1459"}],"version-history":[{"count":7,"href":"https:\/\/www.wildgardening.de\/index.php?rest_route=\/wp\/v2\/posts\/1459\/revisions"}],"predecessor-version":[{"id":1708,"href":"https:\/\/www.wildgardening.de\/index.php?rest_route=\/wp\/v2\/posts\/1459\/revisions\/1708"}],"wp:featuredmedia":[{"embeddable":true,"href":"https:\/\/www.wildgardening.de\/index.php?rest_route=\/wp\/v2\/media\/1464"}],"wp:attachment":[{"href":"https:\/\/www.wildgardening.de\/index.php?rest_route=%2Fwp%2Fv2%2Fmedia&parent=1459"}],"wp:term":[{"taxonomy":"category","embeddable":true,"href":"https:\/\/www.wildgardening.de\/index.php?rest_route=%2Fwp%2Fv2%2Fcategories&post=1459"},{"taxonomy":"post_tag","embeddable":true,"href":"https:\/\/www.wildgardening.de\/index.php?rest_route=%2Fwp%2Fv2%2Ftags&post=1459"}],"curies":[{"name":"wp","href":"https:\/\/api.w.org\/{rel}","templated":true}]}}