{"id":1447,"date":"2014-07-09T09:28:02","date_gmt":"2014-07-09T09:28:02","guid":{"rendered":"https:\/\/www.wildgardening.de\/?p=1447"},"modified":"2015-02-19T12:33:46","modified_gmt":"2015-02-19T12:33:46","slug":"wildwuchs","status":"publish","type":"post","link":"https:\/\/www.wildgardening.de\/?p=1447","title":{"rendered":"Wildwuchs"},"content":{"rendered":"<p><a href=\"https:\/\/www.wildgardening.de\/wp-content\/uploads\/2014\/07\/DSC_0243.jpg\"><img decoding=\"async\" loading=\"lazy\" class=\"aligncenter wp-image-1448 size-full\" src=\"https:\/\/www.wildgardening.de\/wp-content\/uploads\/2014\/07\/DSC_0243.jpg\" alt=\"Gartenblog | Wild Gardening | Wiese| Garten Blog \u00fcber einen Garten in der Heide\" width=\"555\" height=\"369\" srcset=\"https:\/\/www.wildgardening.de\/wp-content\/uploads\/2014\/07\/DSC_0243.jpg 555w, https:\/\/www.wildgardening.de\/wp-content\/uploads\/2014\/07\/DSC_0243-300x199.jpg 300w\" sizes=\"(max-width: 555px) 100vw, 555px\" \/><\/a><\/p>\n<p style=\"text-align: justify;\">Ende Juni, Anfang Juli beeindrucken sie am meisten: unsere Wiesen. Sie stehen auf einem ehemaligen Acker, mit dem wir vor f\u00fcnf Jahren unseren Garten erweitert haben. Ein paar Graswege verlaufen hindurch und eine Hecke aus verschiedenen Geh\u00f6lzen soll die gesamte Anlage vor den kalten Nordwinden sch\u00fctzen.<\/p>\n<p style=\"text-align: justify;\">Wir \u201ebewirtschaften\u201c diese Fl\u00e4chen nicht im klassischen Sinne: also Mahd Ende Juni und Anfang Oktober. Letztes Jahr haben wir im fr\u00fchen Sommer mit dem Balkenm\u00e4her alles einmal gem\u00e4ht und dann geheut. Aber die Menge an Biomasse und der damit f\u00fcr uns recht gro\u00dfe Aufwand haben uns davon wieder Abstand nehmen lassen. Nun darf alles wieder wachsen wie es mag \u2013 zumindest in diesem Jahr: N\u00e4chstes Jahr entscheiden wir neu.<\/p>\n<p style=\"text-align: justify;\">Es sind die spannendsten Momente bei der abendlichen Gartenrunde, wenn man sieht, was sich dort ungeplant zur vollen Pracht durchgemogelt hat.<\/p>\n<div id=\"attachment_1449\" style=\"width: 565px\" class=\"wp-caption aligncenter\"><a href=\"https:\/\/www.wildgardening.de\/wp-content\/uploads\/2014\/07\/DSC_0219.jpg\"><img aria-describedby=\"caption-attachment-1449\" decoding=\"async\" loading=\"lazy\" class=\"wp-image-1449 size-full\" src=\"https:\/\/www.wildgardening.de\/wp-content\/uploads\/2014\/07\/DSC_0219.jpg\" alt=\"Gartenblog | Wild Gardening | Moschus-Malve| Garten Blog \u00fcber einen Garten in der Heide\" width=\"555\" height=\"369\" srcset=\"https:\/\/www.wildgardening.de\/wp-content\/uploads\/2014\/07\/DSC_0219.jpg 555w, https:\/\/www.wildgardening.de\/wp-content\/uploads\/2014\/07\/DSC_0219-300x199.jpg 300w\" sizes=\"(max-width: 555px) 100vw, 555px\" \/><\/a><p id=\"caption-attachment-1449\" class=\"wp-caption-text\">Moschus-Malve (Malva moschata) am Eingang zum Wilden Garten<\/p><\/div>\n<p>Effektvoller h\u00e4tte diese Moschus-Malve auch ein G\u00e4rtner nicht platzieren k\u00f6nnen.<\/p>\n<div id=\"attachment_1450\" style=\"width: 565px\" class=\"wp-caption aligncenter\"><a href=\"https:\/\/www.wildgardening.de\/wp-content\/uploads\/2014\/07\/DSC_0220.jpg\"><img aria-describedby=\"caption-attachment-1450\" decoding=\"async\" loading=\"lazy\" class=\"wp-image-1450 size-full\" src=\"https:\/\/www.wildgardening.de\/wp-content\/uploads\/2014\/07\/DSC_0220.jpg\" alt=\"Gartenblog | Wild Gardening | Wilde M\u00f6hre| Garten Blog \u00fcber einen Garten in der Heide\" width=\"555\" height=\"369\" srcset=\"https:\/\/www.wildgardening.de\/wp-content\/uploads\/2014\/07\/DSC_0220.jpg 555w, https:\/\/www.wildgardening.de\/wp-content\/uploads\/2014\/07\/DSC_0220-300x199.jpg 300w\" sizes=\"(max-width: 555px) 100vw, 555px\" \/><\/a><p id=\"caption-attachment-1450\" class=\"wp-caption-text\">Wilde M\u00f6hre (Daucus carota)<\/p><\/div>\n<p>Die Zahl der Wilden M\u00f6hren scheint dieses Jahr nicht so \u00fcppig zu werden, wie vergangenes und vorvergangenes Jahr. Sie sind ja meine Lieblinge, wie regelm\u00e4\u00dfige Blogleser schon wissen. Aber als vereinzelte Solit\u00e4re setzen sie sich erst so richtig in Szene. Noch sind sie kurz vor dem Aufbl\u00fchen.<\/p>\n<div id=\"attachment_1451\" style=\"width: 565px\" class=\"wp-caption aligncenter\"><a href=\"https:\/\/www.wildgardening.de\/wp-content\/uploads\/2014\/07\/DSC_0237.jpg\"><img aria-describedby=\"caption-attachment-1451\" decoding=\"async\" loading=\"lazy\" class=\"wp-image-1451 size-full\" src=\"https:\/\/www.wildgardening.de\/wp-content\/uploads\/2014\/07\/DSC_0237.jpg\" alt=\"Gartenblog | Wild Gardening | Futterwicken| Garten Blog \u00fcber einen Garten in der Heide\" width=\"555\" height=\"369\" srcset=\"https:\/\/www.wildgardening.de\/wp-content\/uploads\/2014\/07\/DSC_0237.jpg 555w, https:\/\/www.wildgardening.de\/wp-content\/uploads\/2014\/07\/DSC_0237-300x199.jpg 300w\" sizes=\"(max-width: 555px) 100vw, 555px\" \/><\/a><p id=\"caption-attachment-1451\" class=\"wp-caption-text\">Futterwicken (Vicia sativa) und Rauhaarige Wicken (Vicia hirsuta) im &#8222;Drop of Wilderness&#8220;<\/p><\/div>\n<p style=\"text-align: justify;\">Bezaubernd sind sie ja, die zahlreichen unterschiedlichen Wicken. Allerdings \u00fcberwuchern sie in diesem Jahr Gr\u00e4ser, Str\u00e4ucher und Stauden in einem bisher nicht gekannten Ma\u00df. Dort, wo sie keine anderen Pflanzen ernsthaft in Bedr\u00e4ngnis bringen \u2013 also in den Wiesen \u2013, erfreuen wir uns an ihrem zarten Ranken und an den fr\u00f6hlichen, kleinen Bl\u00fcten. An anderen Standorten\u00a0fallen sie leider unter die Rubrik Unkraut und werden entfernt.<\/p>\n","protected":false},"excerpt":{"rendered":"<p>Ende Juni, Anfang Juli beeindrucken sie am meisten: unsere Wiesen. Sie stehen auf einem ehemaligen Acker, mit dem wir vor f\u00fcnf Jahren unseren Garten erweitert haben. Ein paar Graswege verlaufen hindurch und eine Hecke aus verschiedenen Geh\u00f6lzen soll die gesamte &hellip; <a href=\"https:\/\/www.wildgardening.de\/?p=1447\">Weiterlesen <span class=\"meta-nav\">&rarr;<\/span><\/a><\/p>\n","protected":false},"author":5,"featured_media":0,"comment_status":"open","ping_status":"closed","sticky":false,"template":"","format":"standard","meta":[],"categories":[58],"tags":[68,66],"aioseo_notices":[],"_links":{"self":[{"href":"https:\/\/www.wildgardening.de\/index.php?rest_route=\/wp\/v2\/posts\/1447"}],"collection":[{"href":"https:\/\/www.wildgardening.de\/index.php?rest_route=\/wp\/v2\/posts"}],"about":[{"href":"https:\/\/www.wildgardening.de\/index.php?rest_route=\/wp\/v2\/types\/post"}],"author":[{"embeddable":true,"href":"https:\/\/www.wildgardening.de\/index.php?rest_route=\/wp\/v2\/users\/5"}],"replies":[{"embeddable":true,"href":"https:\/\/www.wildgardening.de\/index.php?rest_route=%2Fwp%2Fv2%2Fcomments&post=1447"}],"version-history":[{"count":7,"href":"https:\/\/www.wildgardening.de\/index.php?rest_route=\/wp\/v2\/posts\/1447\/revisions"}],"predecessor-version":[{"id":1710,"href":"https:\/\/www.wildgardening.de\/index.php?rest_route=\/wp\/v2\/posts\/1447\/revisions\/1710"}],"wp:attachment":[{"href":"https:\/\/www.wildgardening.de\/index.php?rest_route=%2Fwp%2Fv2%2Fmedia&parent=1447"}],"wp:term":[{"taxonomy":"category","embeddable":true,"href":"https:\/\/www.wildgardening.de\/index.php?rest_route=%2Fwp%2Fv2%2Fcategories&post=1447"},{"taxonomy":"post_tag","embeddable":true,"href":"https:\/\/www.wildgardening.de\/index.php?rest_route=%2Fwp%2Fv2%2Ftags&post=1447"}],"curies":[{"name":"wp","href":"https:\/\/api.w.org\/{rel}","templated":true}]}}