{"id":1422,"date":"2014-05-24T12:03:07","date_gmt":"2014-05-24T12:03:07","guid":{"rendered":"https:\/\/www.wildgardening.de\/?p=1422"},"modified":"2015-02-19T12:40:33","modified_gmt":"2015-02-19T12:40:33","slug":"blaue-stunde-nebel-bambusshots","status":"publish","type":"post","link":"https:\/\/www.wildgardening.de\/?p=1422","title":{"rendered":"Blaue Stunde, Nebel, Bambusshots"},"content":{"rendered":"<div id=\"attachment_1427\" style=\"width: 565px\" class=\"wp-caption aligncenter\"><a href=\"https:\/\/www.wildgardening.de\/wp-content\/uploads\/2014\/05\/DSC_0635.jpg\"><img aria-describedby=\"caption-attachment-1427\" decoding=\"async\" loading=\"lazy\" class=\"wp-image-1427 size-full\" src=\"https:\/\/www.wildgardening.de\/wp-content\/uploads\/2014\/05\/DSC_0684.jpg\" alt=\"Gartenblog | Wild Gardening | Feld| Garten Blog \u00fcber einen Garten in der Heide\" width=\"555\" height=\"368\" srcset=\"https:\/\/www.wildgardening.de\/wp-content\/uploads\/2014\/05\/DSC_0684.jpg 555w, https:\/\/www.wildgardening.de\/wp-content\/uploads\/2014\/05\/DSC_0684-300x198.jpg 300w\" sizes=\"(max-width: 555px) 100vw, 555px\" \/><\/a><p id=\"caption-attachment-1427\" class=\"wp-caption-text\">Blick \u00fcbers angrenzende Feld<\/p><\/div>\n<p style=\"text-align: justify;\">Es sind Augenblicksph\u00e4nomene wie gestern Abend, die einen Garten f\u00fcr ein paar Momente v\u00f6llig verzaubern. Hier eine kleine Bilderserie mit\u00a0durchziehenden Nebelfeldern:<\/p>\n<div id=\"attachment_1423\" style=\"width: 565px\" class=\"wp-caption aligncenter\"><a href=\"https:\/\/www.wildgardening.de\/wp-content\/uploads\/2014\/05\/DSC_0635.jpg\"><img aria-describedby=\"caption-attachment-1423\" decoding=\"async\" loading=\"lazy\" class=\"wp-image-1423 size-full\" src=\"https:\/\/www.wildgardening.de\/wp-content\/uploads\/2014\/05\/DSC_0635.jpg\" alt=\"Gartenblog | Wild Gardening | Nebel | Garten Blog \u00fcber einen Garten in der Heide\" width=\"555\" height=\"368\" srcset=\"https:\/\/www.wildgardening.de\/wp-content\/uploads\/2014\/05\/DSC_0635.jpg 555w, https:\/\/www.wildgardening.de\/wp-content\/uploads\/2014\/05\/DSC_0635-300x198.jpg 300w\" sizes=\"(max-width: 555px) 100vw, 555px\" \/><\/a><p id=\"caption-attachment-1423\" class=\"wp-caption-text\">Nebelfetzen auf den Gr\u00e4sern der Wiese<\/p><\/div>\n<div id=\"attachment_1424\" style=\"width: 565px\" class=\"wp-caption aligncenter\"><a href=\"https:\/\/www.wildgardening.de\/wp-content\/uploads\/2014\/05\/DSC_0651.jpg\"><img aria-describedby=\"caption-attachment-1424\" decoding=\"async\" loading=\"lazy\" class=\"wp-image-1424 size-full\" src=\"https:\/\/www.wildgardening.de\/wp-content\/uploads\/2014\/05\/DSC_0651.jpg\" alt=\"Gartenblog | Wild Gardening | Lupinen | Garten Blog \u00fcber einen Garten in der Heide\" width=\"555\" height=\"368\" srcset=\"https:\/\/www.wildgardening.de\/wp-content\/uploads\/2014\/05\/DSC_0651.jpg 555w, https:\/\/www.wildgardening.de\/wp-content\/uploads\/2014\/05\/DSC_0651-300x198.jpg 300w\" sizes=\"(max-width: 555px) 100vw, 555px\" \/><\/a><p id=\"caption-attachment-1424\" class=\"wp-caption-text\">Die Lupineninsel, der Nebel und das Weidengatter<\/p><\/div>\n<div id=\"attachment_1425\" style=\"width: 565px\" class=\"wp-caption aligncenter\"><a href=\"https:\/\/www.wildgardening.de\/wp-content\/uploads\/2014\/05\/DSC_0666.jpg\"><img aria-describedby=\"caption-attachment-1425\" decoding=\"async\" loading=\"lazy\" class=\"wp-image-1425 size-full\" src=\"https:\/\/www.wildgardening.de\/wp-content\/uploads\/2014\/05\/DSC_0666.jpg\" alt=\"Gartenblog | Wild Gardening | Bambus | Garten Blog \u00fcber einen Garten in der Heide\" width=\"555\" height=\"368\" srcset=\"https:\/\/www.wildgardening.de\/wp-content\/uploads\/2014\/05\/DSC_0666.jpg 555w, https:\/\/www.wildgardening.de\/wp-content\/uploads\/2014\/05\/DSC_0666-300x198.jpg 300w\" sizes=\"(max-width: 555px) 100vw, 555px\" \/><\/a><p id=\"caption-attachment-1425\" class=\"wp-caption-text\">Bambusse auf der Weide: Fargesia rufa, Phyllostachys aureosulcata &#8218;Aureocaulis&#8216;, Fargesia denudata &#8218;Lancester 1&#8216;, Phyllostachys humilis, Phyllostachys vivax &#8218;Huangwenzhu&#8216;, Phyllostachys parvifolia (v. l.)<\/p><\/div>\n<div id=\"attachment_1426\" style=\"width: 565px\" class=\"wp-caption aligncenter\"><a href=\"https:\/\/www.wildgardening.de\/wp-content\/uploads\/2014\/05\/DSC_0676.jpg\"><img aria-describedby=\"caption-attachment-1426\" decoding=\"async\" loading=\"lazy\" class=\"wp-image-1426 size-full\" src=\"https:\/\/www.wildgardening.de\/wp-content\/uploads\/2014\/05\/DSC_0676.jpg\" alt=\"Gartenblog | Wild Gardening | Spro\u00df Phy. bissetii| Garten Blog \u00fcber einen Garten in der Heide\" width=\"555\" height=\"368\" srcset=\"https:\/\/www.wildgardening.de\/wp-content\/uploads\/2014\/05\/DSC_0676.jpg 555w, https:\/\/www.wildgardening.de\/wp-content\/uploads\/2014\/05\/DSC_0676-300x198.jpg 300w\" sizes=\"(max-width: 555px) 100vw, 555px\" \/><\/a><p id=\"caption-attachment-1426\" class=\"wp-caption-text\">Spro\u00df von Phyllostachys bissetii<\/p><\/div>\n<div id=\"attachment_1428\" style=\"width: 565px\" class=\"wp-caption aligncenter\"><a href=\"https:\/\/www.wildgardening.de\/wp-content\/uploads\/2014\/05\/DSC_0687.jpg\"><img aria-describedby=\"caption-attachment-1428\" decoding=\"async\" loading=\"lazy\" class=\"wp-image-1428 size-full\" src=\"https:\/\/www.wildgardening.de\/wp-content\/uploads\/2014\/05\/DSC_0687.jpg\" alt=\"Gartenblog | Wild Gardening | Shot Phyl. glauca 'Yunzhu' | Garten Blog \u00fcber einen Garten in der Heide\" width=\"555\" height=\"368\" srcset=\"https:\/\/www.wildgardening.de\/wp-content\/uploads\/2014\/05\/DSC_0687.jpg 555w, https:\/\/www.wildgardening.de\/wp-content\/uploads\/2014\/05\/DSC_0687-300x198.jpg 300w\" sizes=\"(max-width: 555px) 100vw, 555px\" \/><\/a><p id=\"caption-attachment-1428\" class=\"wp-caption-text\">Shot von Phyllostachys glauca &#8218;Yunzhu&#8216;<\/p><\/div>\n","protected":false},"excerpt":{"rendered":"<p>Es sind Augenblicksph\u00e4nomene wie gestern Abend, die einen Garten f\u00fcr ein paar Momente v\u00f6llig verzaubern. Hier eine kleine Bilderserie mit\u00a0durchziehenden Nebelfeldern:<\/p>\n","protected":false},"author":5,"featured_media":0,"comment_status":"open","ping_status":"closed","sticky":false,"template":"","format":"standard","meta":[],"categories":[8,58],"tags":[63,72],"aioseo_notices":[],"_links":{"self":[{"href":"https:\/\/www.wildgardening.de\/index.php?rest_route=\/wp\/v2\/posts\/1422"}],"collection":[{"href":"https:\/\/www.wildgardening.de\/index.php?rest_route=\/wp\/v2\/posts"}],"about":[{"href":"https:\/\/www.wildgardening.de\/index.php?rest_route=\/wp\/v2\/types\/post"}],"author":[{"embeddable":true,"href":"https:\/\/www.wildgardening.de\/index.php?rest_route=\/wp\/v2\/users\/5"}],"replies":[{"embeddable":true,"href":"https:\/\/www.wildgardening.de\/index.php?rest_route=%2Fwp%2Fv2%2Fcomments&post=1422"}],"version-history":[{"count":7,"href":"https:\/\/www.wildgardening.de\/index.php?rest_route=\/wp\/v2\/posts\/1422\/revisions"}],"predecessor-version":[{"id":1714,"href":"https:\/\/www.wildgardening.de\/index.php?rest_route=\/wp\/v2\/posts\/1422\/revisions\/1714"}],"wp:attachment":[{"href":"https:\/\/www.wildgardening.de\/index.php?rest_route=%2Fwp%2Fv2%2Fmedia&parent=1422"}],"wp:term":[{"taxonomy":"category","embeddable":true,"href":"https:\/\/www.wildgardening.de\/index.php?rest_route=%2Fwp%2Fv2%2Fcategories&post=1422"},{"taxonomy":"post_tag","embeddable":true,"href":"https:\/\/www.wildgardening.de\/index.php?rest_route=%2Fwp%2Fv2%2Ftags&post=1422"}],"curies":[{"name":"wp","href":"https:\/\/api.w.org\/{rel}","templated":true}]}}