{"id":1390,"date":"2014-04-01T13:33:44","date_gmt":"2014-04-01T13:33:44","guid":{"rendered":"https:\/\/www.wildgardening.de\/?p=1390"},"modified":"2015-02-19T12:47:31","modified_gmt":"2015-02-19T12:47:31","slug":"der-mega-maerz","status":"publish","type":"post","link":"https:\/\/www.wildgardening.de\/?p=1390","title":{"rendered":"Der Mega-M\u00e4rz"},"content":{"rendered":"<p style=\"text-align: justify;\">Dieses Jahr hat der \u201egef\u00fchlte\u201c Fr\u00fchling bei uns sehr fr\u00fch Einzug gehalten. Viele Geophyten und Str\u00e4ucher bl\u00fchen ganze vier Wochen fr\u00fcher als im vergangenen Jahr. Das lag an den unerwartet warmen sonnigen M\u00e4rztagen, mit nur noch geringf\u00fcgigen Nachtfr\u00f6sten. Herrlich!<\/p>\n<p style=\"text-align: justify;\">Die Gartenarbeit ist daher schon l\u00e4ngst in vollem Gang. Gr\u00e4ser, Str\u00e4ucher und Stauden sind geschnitten. Die Staudenbeete mit Kompost gest\u00e4rkt und gemulcht. Erstmals haben wir hierf\u00fcr unser Riesen-Chinaschilf <i>Miscanthus x giganteus<\/i>\u00a0nach dem Schnitt geschreddert und auf den Beeten verteilt. Wir sind gespannt auf die Erfahrungen, die wir damit machen. Es ist \u2013 wie so vieles bei uns im Garten \u2013 ein Experiment.<\/p>\n<p style=\"text-align: justify;\">Die Bl\u00fcte von Schneegl\u00f6ckchen und Krokussen ist jetzt (fast) durch, im Moment trumpfen die Narzissen und Traubenhyazinthen auf. Doch f\u00fcr mich ist das Erwachen der Str\u00e4ucher und B\u00e4ume das eigentliche Fest des Fr\u00fchlings.<\/p>\n<p>Manche kommen zart zur Bl\u00fcte wie die Kornelkirsche <i>Cornus\u00a0mas:<\/i><\/p>\n<p style=\"text-align: center;\"><img decoding=\"async\" loading=\"lazy\" class=\"aligncenter wp-image-1394 size-full\" title=\"Cornus mas\" src=\"https:\/\/www.wildgardening.de\/wp-content\/uploads\/2014\/03\/DSC_1001.jpg\" alt=\"Gartenblog | Wild Gardening | Cornus mas | Garten Blog \u00fcber einen Garten in der Heide\" width=\"555\" height=\"369\" srcset=\"https:\/\/www.wildgardening.de\/wp-content\/uploads\/2014\/03\/DSC_1001.jpg 555w, https:\/\/www.wildgardening.de\/wp-content\/uploads\/2014\/03\/DSC_1001-300x199.jpg 300w\" sizes=\"(max-width: 555px) 100vw, 555px\" \/><\/p>\n<p style=\"text-align: justify;\">Auch die Bl\u00e4ttchen der Felsenbirne\u00a0<i>Amelanchier lamarckii<\/i>\u00a0sind\u00a0zun\u00e4chst eher sch\u00fcchtern-versch\u00e4mt\u00a0mit ihrem bezaubernden Farbspiel:<\/p>\n<p style=\"text-align: center;\"><img decoding=\"async\" loading=\"lazy\" class=\"aligncenter wp-image-1395 size-full\" title=\"Amelanchier lamarckii\" src=\"https:\/\/www.wildgardening.de\/wp-content\/uploads\/2014\/03\/DSC_0166.jpg\" alt=\"Gartenblog | Wild Gardening | Amelanchier lamarckii | Garten Blog \u00fcber einen Garten in der Heide \" width=\"555\" height=\"369\" srcset=\"https:\/\/www.wildgardening.de\/wp-content\/uploads\/2014\/03\/DSC_0166.jpg 555w, https:\/\/www.wildgardening.de\/wp-content\/uploads\/2014\/03\/DSC_0166-300x199.jpg 300w\" sizes=\"(max-width: 555px) 100vw, 555px\" \/><\/p>\n<p style=\"text-align: justify;\">Schon etwas forscher und fordernder reckt sich dagegen die Eberesche <i>Sorbus aucuparia &#8218;Doday&#8216;\u00a0<\/i>in die L\u00fcfte.<\/p>\n<p style=\"text-align: center;\"><img decoding=\"async\" loading=\"lazy\" class=\"aligncenter\" title=\"Sorbus aucuparia 'Doday'\" src=\"https:\/\/www.wildgardening.de\/wp-content\/uploads\/2014\/03\/DSC_0257.jpg\" alt=\"Gartenblog | Wild Gardening | Sorbus | Garten Blog \u00fcber einen Garten in der Heide \" width=\"555\" height=\"369\" \/><\/p>\n<p style=\"text-align: justify;\">Weidenbl\u00fctenk\u00e4tzchen (hier von\u00a0<i>Salix hookeriana<\/i>) sind immer ein Hingucker im Fr\u00fchling. Sie sehen nicht nur wundersch\u00f6n aus, ich muss sie auch unbedingt anfassen. Denn der weiche Flausch auf der Haut ist f\u00fcr mich so etwas wie der Feenstaub des Fr\u00fchlings.<\/p>\n<p style=\"text-align: center;\"><img decoding=\"async\" loading=\"lazy\" class=\"aligncenter\" title=\"Salix hookeriana\" src=\"https:\/\/www.wildgardening.de\/wp-content\/uploads\/2014\/03\/DSC_0264.jpg\" alt=\"Gartenblog | Wild Gardening | Salis | Garten Blog \u00fcber einen Garten in der Heide \" width=\"555\" height=\"369\" \/><\/p>\n<p style=\"text-align: justify;\">Und dann: die Blutpflaumen (<i>Prunus cerasifera \u201aNigra\u2019<\/i>). Dieses Jahr bl\u00fchen sie ganze sechs Wochen fr\u00fcher als sonst \u2013 und wie sie das tun! Dieses Foto ist am 14. M\u00e4rz 2014 entstanden:<\/p>\n<p style=\"text-align: center;\"><img decoding=\"async\" loading=\"lazy\" class=\"aligncenter\" title=\"Prunus cerasifera 'Nigra'\" src=\"https:\/\/www.wildgardening.de\/wp-content\/uploads\/2014\/03\/DSC_0146.jpg\" alt=\"Gartenblog | Wild Gardening | Prunus cerasifera | Garten Blog \u00fcber einen Garten in der Heide \" width=\"555\" height=\"369\" \/><\/p>\n<p style=\"text-align: left;\">Dieses am 23. M\u00e4rz 2014 \u2013\u00a0also ganze neun Tage sp\u00e4ter:<\/p>\n<p style=\"text-align: center;\"><img decoding=\"async\" loading=\"lazy\" class=\"aligncenter\" title=\"Prunus cerasifera \u2018NIgra'\" src=\"https:\/\/www.wildgardening.de\/wp-content\/uploads\/2014\/03\/DSC_0276.jpg\" alt=\"Gartenblog | Wild Gardening | Prunus | Garten Blog \u00fcber einen Garten in der Heide \" width=\"555\" height=\"369\" \/><\/p>\n<p>Ist das nicht einfach wundersch\u00f6n?<\/p>\n","protected":false},"excerpt":{"rendered":"<p>Dieses Jahr hat der \u201egef\u00fchlte\u201c Fr\u00fchling bei uns sehr fr\u00fch Einzug gehalten. Viele Geophyten und Str\u00e4ucher bl\u00fchen ganze vier Wochen fr\u00fcher als im vergangenen Jahr. Das lag an den unerwartet warmen sonnigen M\u00e4rztagen, mit nur noch geringf\u00fcgigen Nachtfr\u00f6sten. Herrlich! Die &hellip; <a href=\"https:\/\/www.wildgardening.de\/?p=1390\">Weiterlesen <span class=\"meta-nav\">&rarr;<\/span><\/a><\/p>\n","protected":false},"author":5,"featured_media":1392,"comment_status":"open","ping_status":"closed","sticky":false,"template":"","format":"standard","meta":[],"categories":[9,4,58],"tags":[20,39,72,25],"aioseo_notices":[],"_links":{"self":[{"href":"https:\/\/www.wildgardening.de\/index.php?rest_route=\/wp\/v2\/posts\/1390"}],"collection":[{"href":"https:\/\/www.wildgardening.de\/index.php?rest_route=\/wp\/v2\/posts"}],"about":[{"href":"https:\/\/www.wildgardening.de\/index.php?rest_route=\/wp\/v2\/types\/post"}],"author":[{"embeddable":true,"href":"https:\/\/www.wildgardening.de\/index.php?rest_route=\/wp\/v2\/users\/5"}],"replies":[{"embeddable":true,"href":"https:\/\/www.wildgardening.de\/index.php?rest_route=%2Fwp%2Fv2%2Fcomments&post=1390"}],"version-history":[{"count":6,"href":"https:\/\/www.wildgardening.de\/index.php?rest_route=\/wp\/v2\/posts\/1390\/revisions"}],"predecessor-version":[{"id":1718,"href":"https:\/\/www.wildgardening.de\/index.php?rest_route=\/wp\/v2\/posts\/1390\/revisions\/1718"}],"wp:featuredmedia":[{"embeddable":true,"href":"https:\/\/www.wildgardening.de\/index.php?rest_route=\/wp\/v2\/media\/1392"}],"wp:attachment":[{"href":"https:\/\/www.wildgardening.de\/index.php?rest_route=%2Fwp%2Fv2%2Fmedia&parent=1390"}],"wp:term":[{"taxonomy":"category","embeddable":true,"href":"https:\/\/www.wildgardening.de\/index.php?rest_route=%2Fwp%2Fv2%2Fcategories&post=1390"},{"taxonomy":"post_tag","embeddable":true,"href":"https:\/\/www.wildgardening.de\/index.php?rest_route=%2Fwp%2Fv2%2Ftags&post=1390"}],"curies":[{"name":"wp","href":"https:\/\/api.w.org\/{rel}","templated":true}]}}