{"id":1361,"date":"2014-02-28T12:01:24","date_gmt":"2014-02-28T12:01:24","guid":{"rendered":"https:\/\/www.wildgardening.de\/?p=1361"},"modified":"2015-02-19T12:54:57","modified_gmt":"2015-02-19T12:54:57","slug":"fruehlingserwachen","status":"publish","type":"post","link":"https:\/\/www.wildgardening.de\/?p=1361","title":{"rendered":"Fr\u00fchlingserwachen"},"content":{"rendered":"<p style=\"text-align: justify;\">Jedes Jahr zaubern sie uns ein L\u00e4cheln ins Gesicht \u2013 die ersten anschwellenden und sich schlie\u00dflich \u00f6ffnenden Blatt- und Bl\u00fctenknospen. Diesen Winter d\u00fcrfen wir sogar hier im Norden der L\u00fcneburger Heide stolz verk\u00fcnden: Es wird durchgebl\u00fcht! Die bisher sehr milde und schneearme \u201ewei\u00dfe Jahreszeit\u201c machte es m\u00f6glich. Bereits im Dezember konnten wir uns an den frischen Farbtupfern von <i>Vinca minor <\/i>und <i>Helleborus <\/i>erfreuen. Es folgten Schneegl\u00f6ckchen, Alpenveilchen (<i>Cyclamen coum<\/i>) die duftende Heckenkirsche <i>Lonicera purpusii<\/i> und vorwitzige Traubenhyazinthen (<i>Muscari armeniacum<\/i>)<i>.<\/i><\/p>\n<p style=\"text-align: center;\"><a href=\"https:\/\/www.wildgardening.de\/wp-content\/uploads\/2014\/02\/Muscari.jpg\"><img decoding=\"async\" loading=\"lazy\" class=\"aligncenter wp-image-1367 size-full\" title=\"Muscari armeniacum\" src=\"https:\/\/www.wildgardening.de\/wp-content\/uploads\/2014\/02\/Muscari.jpg\" alt=\"Gartenblog | Wild Gardening | Muscari | Garten Blog \u00fcber einen Garten in der Heide \" width=\"555\" height=\"368\" srcset=\"https:\/\/www.wildgardening.de\/wp-content\/uploads\/2014\/02\/Muscari.jpg 555w, https:\/\/www.wildgardening.de\/wp-content\/uploads\/2014\/02\/Muscari-300x198.jpg 300w\" sizes=\"(max-width: 555px) 100vw, 555px\" \/><\/a><\/p>\n<p style=\"text-align: center;\"><a href=\"https:\/\/www.wildgardening.de\/wp-content\/uploads\/2014\/02\/Galanthus2.jpg\"><img decoding=\"async\" loading=\"lazy\" class=\"aligncenter wp-image-1368 size-full\" title=\"Galanthus nivalis 'Flore Pleno'\" src=\"https:\/\/www.wildgardening.de\/wp-content\/uploads\/2014\/02\/Galanthus2.jpg\" alt=\"Gartenblog | Wild Gardening | Schneegl\u00f6ckchen | Garten Blog \u00fcber einen Garten in der Heide \" width=\"555\" height=\"368\" srcset=\"https:\/\/www.wildgardening.de\/wp-content\/uploads\/2014\/02\/Galanthus2.jpg 555w, https:\/\/www.wildgardening.de\/wp-content\/uploads\/2014\/02\/Galanthus2-300x198.jpg 300w\" sizes=\"(max-width: 555px) 100vw, 555px\" \/><\/a><\/p>\n<p style=\"text-align: justify;\">Seit Februar gibt es jetzt noch herrlich blaue Iris (<i>Iris reticulata<\/i>), verschiedene Krokusse, die filigranen Bl\u00fcten der Kornelkirsche (<i>Cornus mas<\/i>) und plustrige Weidenk\u00e4tzchen zu bestaunen.<\/p>\n<p style=\"text-align: justify;\">Erstaunlich viel Zeit lassen sich bei uns allerdings die Winterlinge (<i>Eranthis hyemalis<\/i>) \u2013 in den Nachbarg\u00e4rten sind sie schon seit Wochen in voller Bl\u00fcte.<\/p>\n<p style=\"text-align: center;\"><a href=\"https:\/\/www.wildgardening.de\/wp-content\/uploads\/2014\/02\/Eranthis.jpg\"><img decoding=\"async\" loading=\"lazy\" class=\"aligncenter wp-image-1366 size-full\" title=\"Eranthis hyemalis\" src=\"https:\/\/www.wildgardening.de\/wp-content\/uploads\/2014\/02\/Eranthis.jpg\" alt=\"Gartenblog | Wild Gardening | Winterling | Garten Blog \u00fcber einen Garten in der Heide \" width=\"555\" height=\"368\" srcset=\"https:\/\/www.wildgardening.de\/wp-content\/uploads\/2014\/02\/Eranthis.jpg 555w, https:\/\/www.wildgardening.de\/wp-content\/uploads\/2014\/02\/Eranthis-300x198.jpg 300w\" sizes=\"(max-width: 555px) 100vw, 555px\" \/><\/a><\/p>\n<p style=\"text-align: justify;\">Bei der Korkenzieherhasel <i>Corylus avellana \u201aContorta\u2019<\/i> leuchten die weiblichen Bl\u00fctenst\u00e4nde mit ihren kleinen roten Narbenf\u00e4dchen.<\/p>\n<p style=\"text-align: center;\"><a href=\"https:\/\/www.wildgardening.de\/wp-content\/uploads\/2014\/02\/Hasel.jpg\"><img decoding=\"async\" loading=\"lazy\" class=\"aligncenter wp-image-1363 size-full\" title=\"Corylus avellana 'Contorta'\" src=\"https:\/\/www.wildgardening.de\/wp-content\/uploads\/2014\/02\/Hasel.jpg\" alt=\"Gartenblog | Wild Gardening | Korkenzieherhasel | Garten Blog \u00fcber einen Garten in der Heide \" width=\"555\" height=\"368\" srcset=\"https:\/\/www.wildgardening.de\/wp-content\/uploads\/2014\/02\/Hasel.jpg 555w, https:\/\/www.wildgardening.de\/wp-content\/uploads\/2014\/02\/Hasel-300x198.jpg 300w\" sizes=\"(max-width: 555px) 100vw, 555px\" \/><\/a><\/p>\n<p style=\"text-align: justify;\">Immer ganz vorne dabei mit dem Blattaustrieb sind unsere Spir\u00e4en. Hier <i>Spiraea x cinera \u201aGrefsheim\u2019\u00a0<\/i>noch mit Tautr\u00f6pfchen.<\/p>\n<p style=\"text-align: center;\"><a href=\"https:\/\/www.wildgardening.de\/wp-content\/uploads\/2014\/02\/Grefsheim.jpg\"><img decoding=\"async\" loading=\"lazy\" class=\"aligncenter wp-image-1362 size-full\" title=\"Spiraea x cinera 'Grefsheim'\" src=\"https:\/\/www.wildgardening.de\/wp-content\/uploads\/2014\/02\/Grefsheim.jpg\" alt=\"Gartenblog | Wild Gardening | Spirae | Garten Blog \u00fcber einen Garten in der Heide \" width=\"555\" height=\"368\" srcset=\"https:\/\/www.wildgardening.de\/wp-content\/uploads\/2014\/02\/Grefsheim.jpg 555w, https:\/\/www.wildgardening.de\/wp-content\/uploads\/2014\/02\/Grefsheim-300x198.jpg 300w\" sizes=\"(max-width: 555px) 100vw, 555px\" \/><\/a><\/p>\n<p style=\"text-align: justify;\">Gefolgt von <i>Spiraea japonica \u201aGoldflamme\u2019<\/i>.<\/p>\n<p style=\"text-align: center;\"><a href=\"https:\/\/www.wildgardening.de\/wp-content\/uploads\/2014\/02\/Spirae_jap.jpg\"><img decoding=\"async\" loading=\"lazy\" class=\"aligncenter wp-image-1364 size-full\" title=\"Spiraea japonica 'Goldflamme'\" src=\"https:\/\/www.wildgardening.de\/wp-content\/uploads\/2014\/02\/Spirae_jap.jpg\" alt=\"Gartenblog | Wild Gardening | Spireae | Garten Blog \u00fcber einen Garten in der Heide \" width=\"555\" height=\"368\" srcset=\"https:\/\/www.wildgardening.de\/wp-content\/uploads\/2014\/02\/Spirae_jap.jpg 555w, https:\/\/www.wildgardening.de\/wp-content\/uploads\/2014\/02\/Spirae_jap-300x198.jpg 300w\" sizes=\"(max-width: 555px) 100vw, 555px\" \/><\/a><\/p>\n<p style=\"text-align: justify;\">Noch ein kurzes Update zu unserem Post \u201eSch\u00fcchterne Sch\u00f6nheit\u201c: Seit einigen Tagen \u00f6ffnen sich auch die h\u00fcbschen Bl\u00fcten von <i>Viburnum bodnantense \u2019Dawn\u2019<\/i> vollst\u00e4ndig. Nachlassender Wind und steigende Temperaturen haben ihnen Mut gemacht \u2013 und wir genie\u00dfen ihren zarten Duft.<\/p>\n<p style=\"text-align: center;\"><a href=\"https:\/\/www.wildgardening.de\/wp-content\/uploads\/2014\/02\/Dawn2.jpg\"><img decoding=\"async\" loading=\"lazy\" class=\"aligncenter wp-image-1365 size-full\" title=\"Viburnum bodnantense 'Dawn'\" src=\"https:\/\/www.wildgardening.de\/wp-content\/uploads\/2014\/02\/Dawn2.jpg\" alt=\"Gartenblog | Wild Gardening | Viburnum | Garten Blog \u00fcber einen Garten in der Heide \" width=\"555\" height=\"369\" srcset=\"https:\/\/www.wildgardening.de\/wp-content\/uploads\/2014\/02\/Dawn2.jpg 555w, https:\/\/www.wildgardening.de\/wp-content\/uploads\/2014\/02\/Dawn2-300x199.jpg 300w\" sizes=\"(max-width: 555px) 100vw, 555px\" \/><\/a><\/p>\n<p style=\"text-align: justify;\">Morgen, am 1. M\u00e4rz, beginnt nun der meteorologische Fr\u00fchling auf der Nordhalbkugel der Erde. Ich bin gespannt, was es an diesem Tag Neues im Wilden Garten zu entdecken gibt.<\/p>\n","protected":false},"excerpt":{"rendered":"<p>Jedes Jahr zaubern sie uns ein L\u00e4cheln ins Gesicht \u2013 die ersten anschwellenden und sich schlie\u00dflich \u00f6ffnenden Blatt- und Bl\u00fctenknospen. Diesen Winter d\u00fcrfen wir sogar hier im Norden der L\u00fcneburger Heide stolz verk\u00fcnden: Es wird durchgebl\u00fcht! Die bisher sehr milde &hellip; <a href=\"https:\/\/www.wildgardening.de\/?p=1361\">Weiterlesen <span class=\"meta-nav\">&rarr;<\/span><\/a><\/p>\n","protected":false},"author":4,"featured_media":1364,"comment_status":"open","ping_status":"closed","sticky":false,"template":"","format":"standard","meta":[],"categories":[1,9,4,58,7],"tags":[39,33,72,32,25,62],"aioseo_notices":[],"_links":{"self":[{"href":"https:\/\/www.wildgardening.de\/index.php?rest_route=\/wp\/v2\/posts\/1361"}],"collection":[{"href":"https:\/\/www.wildgardening.de\/index.php?rest_route=\/wp\/v2\/posts"}],"about":[{"href":"https:\/\/www.wildgardening.de\/index.php?rest_route=\/wp\/v2\/types\/post"}],"author":[{"embeddable":true,"href":"https:\/\/www.wildgardening.de\/index.php?rest_route=\/wp\/v2\/users\/4"}],"replies":[{"embeddable":true,"href":"https:\/\/www.wildgardening.de\/index.php?rest_route=%2Fwp%2Fv2%2Fcomments&post=1361"}],"version-history":[{"count":4,"href":"https:\/\/www.wildgardening.de\/index.php?rest_route=\/wp\/v2\/posts\/1361\/revisions"}],"predecessor-version":[{"id":1722,"href":"https:\/\/www.wildgardening.de\/index.php?rest_route=\/wp\/v2\/posts\/1361\/revisions\/1722"}],"wp:featuredmedia":[{"embeddable":true,"href":"https:\/\/www.wildgardening.de\/index.php?rest_route=\/wp\/v2\/media\/1364"}],"wp:attachment":[{"href":"https:\/\/www.wildgardening.de\/index.php?rest_route=%2Fwp%2Fv2%2Fmedia&parent=1361"}],"wp:term":[{"taxonomy":"category","embeddable":true,"href":"https:\/\/www.wildgardening.de\/index.php?rest_route=%2Fwp%2Fv2%2Fcategories&post=1361"},{"taxonomy":"post_tag","embeddable":true,"href":"https:\/\/www.wildgardening.de\/index.php?rest_route=%2Fwp%2Fv2%2Ftags&post=1361"}],"curies":[{"name":"wp","href":"https:\/\/api.w.org\/{rel}","templated":true}]}}