{"id":1348,"date":"2014-02-14T19:38:10","date_gmt":"2014-02-14T19:38:10","guid":{"rendered":"https:\/\/www.wildgardening.de\/?p=1348"},"modified":"2015-02-19T12:56:50","modified_gmt":"2015-02-19T12:56:50","slug":"waerme-ruhe-schoenheit","status":"publish","type":"post","link":"https:\/\/www.wildgardening.de\/?p=1348","title":{"rendered":"W\u00e4rme, Ruhe, Sch\u00f6nheit"},"content":{"rendered":"<p style=\"text-align: justify;\">Karl Foersters Garten in Bornim bei Potsdam \u2013 ein Gartendenkmal. Ein klein wenig ehrfurchtsvoll besuchen wir (Anfang Oktober 2013) die ber\u00fchmte Anlage des deutschen G\u00e4rtner-Gro\u00dfmeisters. Nat\u00fcrlich haben wir viel \u00fcber ihn gelesen, viele Bilder seines Wirkens gesehen und selbstverst\u00e4ndlich wissen wir um Foersters beeindruckende Leistungen als Pflanzenz\u00fcchter. Das macht ein unbeschwertes Eintreten in seinen Garten geradezu unm\u00f6glich. Und dann das:<\/p>\n<p style=\"text-align: justify;\">Sofort ist man umh\u00fcllt von der w\u00e4rmenden Harmonie der Farben, alles ist mit einer entspannenden Ruhe durchwurzelt und ber\u00fchrt einen tief mit seiner stimmigen Sch\u00f6nheit. Foerster schuf Pflanzenkombinationen, die nur dann entstehen k\u00f6nnen, wenn jeder Winkel und jedes Beet \u00fcber Jahre hinweg immer und immer wieder von seinem Gestalter verbessert werden. Man kennt dies auch von Christopher Lloyd oder Beth Chatto.<\/p>\n<p style=\"text-align: justify;\">Hier in Bornim ist dieser Eindruck so durchdringend, dass einem sofort klar wird, wie viel Wissen, Akribie und Leidenschaft dazu geh\u00f6ren, ein solches g\u00e4rtnerisches Werk zu schaffen. Foerster hat sich intensiv mit den Standortanspr\u00fcchen und der optischen Wirkung der von ihm verwendeten Stauden besch\u00e4ftigt und stets nach \u00e4sthetischen Zusammenstellungen gesucht.<\/p>\n<p style=\"text-align: center;\"><a href=\"https:\/\/www.wildgardening.de\/wp-content\/uploads\/2014\/02\/DSC_0148.jpg\"><img decoding=\"async\" loading=\"lazy\" class=\"aligncenter\" title=\"Karl Foerster Garten\" src=\"https:\/\/www.wildgardening.de\/wp-content\/uploads\/2014\/02\/DSC_0148.jpg\" alt=\"Gartenblog | Wild Gardening | F\u00f6rster Garten | Garten Blog \u00fcber einen Garten in der Heide \" width=\"555\" height=\"369\" \/><\/a><\/p>\n<p style=\"text-align: justify;\">Besonders im symetrisch angelegten \u201eSenkgarten\u201c, dem Herzst\u00fcck der Anlage, ist dies eindrucksvoll wahrzunehmen: Rittersporn, Phlox, Rudbeckien (im Sommer) sowie Astern und Chrysanthemen (im Herbst) bestimmen zusammen mit Str\u00e4uchern, Gr\u00e4sern und Farnen das farbenpr\u00e4chtige Pflanzenkonzept.<\/p>\n<p style=\"text-align: center;\"><a href=\"https:\/\/www.wildgardening.de\/wp-content\/uploads\/2014\/02\/DSC_0100.jpg\"><img decoding=\"async\" loading=\"lazy\" class=\"aligncenter\" title=\"Karl Foerster Garten \u2013 Senkgarten\" src=\"https:\/\/www.wildgardening.de\/wp-content\/uploads\/2014\/02\/DSC_0100.jpg\" alt=\"artenblog | Wild Gardening | F\u00f6rster Garten Potsdam | Garten Blog \u00fcber einen Garten in der Heide \" width=\"555\" height=\"369\" \/><\/a><\/p>\n<p style=\"text-align: center;\"><a href=\"https:\/\/www.wildgardening.de\/wp-content\/uploads\/2014\/02\/DSC_0118.jpg\"><img decoding=\"async\" loading=\"lazy\" class=\"aligncenter\" title=\"Karl Foerster Garten \u2013 Senkgarten\" src=\"https:\/\/www.wildgardening.de\/wp-content\/uploads\/2014\/02\/DSC_0118.jpg\" alt=\"artenblog | Wild Gardening | Potsdam F\u00f6rster Garten | Garten Blog \u00fcber einen Garten in der Heide \" width=\"555\" height=\"369\" \/><\/a><\/p>\n<p style=\"text-align: justify;\">F\u00f6rster propagierte in seinem Schaffen ja nicht nur vier, sondern ganze sieben Jahreszeiten: Vorfr\u00fchling, Fr\u00fchling, Fr\u00fchsommer, Hochsommer, Herbst, Sp\u00e4therbst und Winter. Besonders bei der Planung und Umsetzung seines Steingartens hat er jeder dieser Jahreszeiten einen angemessenen Raum zugedacht.<\/p>\n<p style=\"text-align: center;\"><a href=\"https:\/\/www.wildgardening.de\/wp-content\/uploads\/2014\/02\/DSC_0134.jpg\"><img decoding=\"async\" loading=\"lazy\" class=\"aligncenter\" title=\"Karl Foerster Garten\" src=\"https:\/\/www.wildgardening.de\/wp-content\/uploads\/2014\/02\/DSC_0134.jpg\" alt=\"artenblog | Wild Gardening |Garten Karl F\u00f6rster Potsdam| Garten Blog \u00fcber einen Garten in der Heide \" width=\"555\" height=\"369\" \/><\/a><\/p>\n<p style=\"text-align: justify;\">Zwei Jahreszeiten werden jedoch in der gesamten Gartenanlage besonders hervorgehoben: der Herbst durch ein eigenes Herbstbeet und der Fr\u00fchling durch den Fr\u00fchlingsweg. Entsprechend der Jahreszeit unseres Besuchs zeigte sich das Herbstbeet denn auch in voller Kraft.<\/p>\n<p style=\"text-align: center;\"><a href=\"https:\/\/www.wildgardening.de\/wp-content\/uploads\/2014\/02\/DSC_0146.jpg\"><img decoding=\"async\" loading=\"lazy\" class=\"aligncenter\" title=\"Karl Foerster Garten \u2013 Herbstbeet\" src=\"https:\/\/www.wildgardening.de\/wp-content\/uploads\/2014\/02\/DSC_0146.jpg\" alt=\"artenblog | Wild Gardening | Karl F\u00f6rster Garten | Garten Blog \u00fcber einen Garten in der Heide \" width=\"555\" height=\"369\" \/><\/a><\/p>\n<p style=\"text-align: justify;\">Der Fr\u00fchlingsweg (im Herbst nat\u00fcrlich ein wenig ausdrucksschwach, daher gibt es auch kein Foto) lockt uns sicherlich zu einem weiteren Besuch nach Bornim.<\/p>\n<p style=\"text-align: justify;\">Kaum zu glauben \u00fcbrigens, dass dieser harmonisch konzipierte Garten eigentlich so etwas wie ein \u201eVersuchsfeld\u201c f\u00fcr Foersters Staudeng\u00e4rtnerei war. Diese ist \u00fcbrigens direkt nebenan und hat den Ruf, eine der besten in Deutschland zu sein. Zu Recht!<\/p>\n<address>Literaturtipps:<\/address>\n<address>\u00a0<\/address>\n<address>Ein Garten der Erinnerung. Leben und Wirken von Karl Foerster \u2013 dem gro\u00dfen Garten-Poeten und Staudenz\u00fcchter, hrsg. von Eva Foerster und Gerhard Rostin, Ulmer Verlag, Stuttgart, 6. Auflage 2009<\/address>\n<address>\u00a0<\/address>\n<address>Carsten Mehli\u00df: Karl Foerster. Seine Blumen. Seine G\u00e4rten, Ulmer Verlag, Stuttgart 2012<\/address>\n<address>\u00a0<\/address>\n<address>Und nat\u00fcrlich: Karl Foerster. Einzug der Gr\u00e4ser und Farne in die G\u00e4rten, Ulmer Verlag, Stuttgart, 7. Auflage 1988<\/address>\n<address>\u00a0<\/address>\n","protected":false},"excerpt":{"rendered":"<p>Karl Foersters Garten in Bornim bei Potsdam \u2013 ein Gartendenkmal. Ein klein wenig ehrfurchtsvoll besuchen wir (Anfang Oktober 2013) die ber\u00fchmte Anlage des deutschen G\u00e4rtner-Gro\u00dfmeisters. Nat\u00fcrlich haben wir viel \u00fcber ihn gelesen, viele Bilder seines Wirkens gesehen und selbstverst\u00e4ndlich wissen &hellip; <a href=\"https:\/\/www.wildgardening.de\/?p=1348\">Weiterlesen <span class=\"meta-nav\">&rarr;<\/span><\/a><\/p>\n","protected":false},"author":5,"featured_media":1349,"comment_status":"open","ping_status":"closed","sticky":false,"template":"","format":"standard","meta":[],"categories":[49],"tags":[71,60],"aioseo_notices":[],"_links":{"self":[{"href":"https:\/\/www.wildgardening.de\/index.php?rest_route=\/wp\/v2\/posts\/1348"}],"collection":[{"href":"https:\/\/www.wildgardening.de\/index.php?rest_route=\/wp\/v2\/posts"}],"about":[{"href":"https:\/\/www.wildgardening.de\/index.php?rest_route=\/wp\/v2\/types\/post"}],"author":[{"embeddable":true,"href":"https:\/\/www.wildgardening.de\/index.php?rest_route=\/wp\/v2\/users\/5"}],"replies":[{"embeddable":true,"href":"https:\/\/www.wildgardening.de\/index.php?rest_route=%2Fwp%2Fv2%2Fcomments&post=1348"}],"version-history":[{"count":8,"href":"https:\/\/www.wildgardening.de\/index.php?rest_route=\/wp\/v2\/posts\/1348\/revisions"}],"predecessor-version":[{"id":1724,"href":"https:\/\/www.wildgardening.de\/index.php?rest_route=\/wp\/v2\/posts\/1348\/revisions\/1724"}],"wp:featuredmedia":[{"embeddable":true,"href":"https:\/\/www.wildgardening.de\/index.php?rest_route=\/wp\/v2\/media\/1349"}],"wp:attachment":[{"href":"https:\/\/www.wildgardening.de\/index.php?rest_route=%2Fwp%2Fv2%2Fmedia&parent=1348"}],"wp:term":[{"taxonomy":"category","embeddable":true,"href":"https:\/\/www.wildgardening.de\/index.php?rest_route=%2Fwp%2Fv2%2Fcategories&post=1348"},{"taxonomy":"post_tag","embeddable":true,"href":"https:\/\/www.wildgardening.de\/index.php?rest_route=%2Fwp%2Fv2%2Ftags&post=1348"}],"curies":[{"name":"wp","href":"https:\/\/api.w.org\/{rel}","templated":true}]}}