{"id":1326,"date":"2014-01-30T10:42:48","date_gmt":"2014-01-30T10:42:48","guid":{"rendered":"https:\/\/www.wildgardening.de\/?p=1326"},"modified":"2015-02-19T13:26:28","modified_gmt":"2015-02-19T13:26:28","slug":"ueberwiegend-heiter-kurzer-rueckblick-aufs-bambusjahr-2013","status":"publish","type":"post","link":"https:\/\/www.wildgardening.de\/?p=1326","title":{"rendered":"\u00dcberwiegend heiter \u2013 kurzer R\u00fcckblick aufs Bambusjahr 2013"},"content":{"rendered":"<p style=\"text-align: center;\"><a href=\"https:\/\/www.wildgardening.de\/wp-content\/uploads\/2014\/01\/Fargesia_rufa.jpg\"><img decoding=\"async\" loading=\"lazy\" class=\"aligncenter wp-image-1327 size-full\" title=\"Fargesia rufa \" src=\"https:\/\/www.wildgardening.de\/wp-content\/uploads\/2014\/01\/Fargesia_rufa.jpg\" alt=\"artenblog | Wild Gardening | Fargesia rufa | Garten Blog \u00fcber einen Garten in der Heide \" width=\"555\" height=\"368\" srcset=\"https:\/\/www.wildgardening.de\/wp-content\/uploads\/2014\/01\/Fargesia_rufa.jpg 555w, https:\/\/www.wildgardening.de\/wp-content\/uploads\/2014\/01\/Fargesia_rufa-300x198.jpg 300w\" sizes=\"(max-width: 555px) 100vw, 555px\" \/><\/a><\/p>\n<p style=\"text-align: justify;\">Nun ist schon fast der Januar wieder rum und gerade fiel mir auf, dass ich noch gar kein Fazit \u00fcber die Entwicklung unserer liebsten Strukturpflanzen in 2013 geschrieben habe &#8230; Daraus k\u00f6nnte man jetzt die Schlussfolgerung ziehen, dass es nichts Aufregendes zu berichten gibt. Aber ganz so war es nun doch nicht.<\/p>\n<p style=\"text-align: justify;\">Nachdem der Winter 2012\/13 bis zu seinem meteorologischen Ende bei uns sehr bambusfreundlich verlief, gab es Mitte M\u00e4rz noch einmal einen sp\u00e4ten H\u00f6he- bzw. Tiefpunkt: Zu kr\u00e4ftigen Schneef\u00e4llen gesellten sich die k\u00e4ltesten N\u00e4chte dieser Wintersaison \u2013 am 13. M\u00e4rz sackte das Thermometer auf minus 15,3 Grad. Da tags\u00fcber jedoch Plusgrade herrschten, hielten sich die negativen Auswirkungen in Grenzen. Lediglich eine selbstgebaute Haltekonstruktion, welche die Halme eines Phyllostachys bissetii daran hindern sollte, unter Schneelast die Garagenzufahrt zu versperren, brach zusammen (es war immerhin ihr drittes Standjahr).<\/p>\n<p><a href=\"https:\/\/www.wildgardening.de\/wp-content\/uploads\/2014\/01\/Schnee.jpg\"><img decoding=\"async\" loading=\"lazy\" class=\"aligncenter\" title=\"Phyllostachys bissetii\" src=\"https:\/\/www.wildgardening.de\/wp-content\/uploads\/2014\/01\/Schnee.jpg\" alt=\"artenblog | Wild Gardening | Bambus Winter | Garten Blog \u00fcber einen Garten in der Heide \" width=\"555\" height=\"369\" \/><\/a><\/p>\n<p style=\"text-align: justify;\">Bis zum 9. April hatten wir durchg\u00e4ngig Nachtfrost, danach fiel die Temperatur aber nur noch zweimal leicht unter den Gefrierpunkt. Das kam nat\u00fcrlich den neuen Sprossen zugute, die etwas sp\u00e4ter loslegten und dann in ihrer sensiblen Austriebphase nicht unter Sp\u00e4tfr\u00f6sten zu leiden hatten. Sowohl bei <i>Fargesia rufa <\/i>als auch bei<i> Fargesia robusta \u201aCampbell\u2019 <\/i>\u2013 beim Sprossenschieben immer ganz vorne dabei \u2013 \u00fcberlebte der gesamte Neuaustrieb. Entsprechend konnten beide Pflanzen ihre Pr\u00e4senz noch einmal kr\u00e4ftig ausbauen. Beispiel <i>Fargesia rufa <\/i>(f\u00fcnftes Standjahr): Hier vergr\u00f6\u00dferte sich der Durchmesser von 3 auf 4 Meter, in der H\u00f6he gab es ein Wachstum von 1,90 auf 2,60 Meter.<\/p>\n<p style=\"text-align: center;\"><a href=\"https:\/\/www.wildgardening.de\/wp-content\/uploads\/2014\/01\/Rufa2.jpg\"><img decoding=\"async\" loading=\"lazy\" class=\"aligncenter\" title=\"Fargesia rufa vor Phyllostachys aureosulcata 'Aureocaulis'\" src=\"https:\/\/www.wildgardening.de\/wp-content\/uploads\/2014\/01\/Rufa2.jpg\" alt=\"artenblog | Wild Gardening | Farg. rufa | Garten Blog \u00fcber einen Garten in der Heide \" width=\"555\" height=\"368\" \/><\/a><\/p>\n<p style=\"text-align: justify;\">Bei den <i>Phyllostachys<\/i> \u00fcberzeugte auch im vergangenen Jahr neben den verl\u00e4sslichen <em>Ph. bissetii<\/em> unser <i>Ph. aureosulcata \u201aAureocaulis\u2019<\/i> durch viele sch\u00f6ne neue Halme.<\/p>\n<p style=\"text-align: center;\"><a href=\"https:\/\/www.wildgardening.de\/wp-content\/uploads\/2014\/01\/Halm.jpg\"><img decoding=\"async\" loading=\"lazy\" class=\"aligncenter wp-image-1328 size-full\" title=\"Phyllostachys aureosulcata 'Aureocaulis'\" src=\"https:\/\/www.wildgardening.de\/wp-content\/uploads\/2014\/01\/Halm.jpg\" alt=\"artenblog | Wild Gardening | Ph. aureosulcata | Garten Blog \u00fcber einen Garten in der Heide \" width=\"555\" height=\"368\" srcset=\"https:\/\/www.wildgardening.de\/wp-content\/uploads\/2014\/01\/Halm.jpg 555w, https:\/\/www.wildgardening.de\/wp-content\/uploads\/2014\/01\/Halm-300x198.jpg 300w\" sizes=\"(max-width: 555px) 100vw, 555px\" \/><\/a> <a href=\"https:\/\/www.wildgardening.de\/wp-content\/uploads\/2014\/01\/Schnee.jpg\"><br \/>\n<\/a> <a href=\"https:\/\/www.wildgardening.de\/wp-content\/uploads\/2014\/01\/Ph_aureosulcata_Aureoc.jpg\"><img decoding=\"async\" loading=\"lazy\" class=\"aligncenter wp-image-1330 size-full\" title=\"Phyllostachys aureosulcata 'Aureocaulis'\" src=\"https:\/\/www.wildgardening.de\/wp-content\/uploads\/2014\/01\/Ph_aureosulcata_Aureoc.jpg\" alt=\"artenblog | Wild Gardening | Bambus | Garten Blog \u00fcber einen Garten in der Heide \" width=\"555\" height=\"369\" srcset=\"https:\/\/www.wildgardening.de\/wp-content\/uploads\/2014\/01\/Ph_aureosulcata_Aureoc.jpg 555w, https:\/\/www.wildgardening.de\/wp-content\/uploads\/2014\/01\/Ph_aureosulcata_Aureoc-300x199.jpg 300w\" sizes=\"(max-width: 555px) 100vw, 555px\" \/><\/a><\/p>\n<p style=\"text-align: justify;\">Was gibt es bei den Phyllos noch anzumerken? Unser nach dem Winter 2011\/12 oberirdisch toter und im Sommer 2012 mit einem zarten Halm wiedererwachter <i>Ph. vivax \u201aAureocaulis\u2019 <\/i>stagnierte 2013 weiter auf diesem traurigen Niveau. Mal schauen, ob er sich \u00fcberhaupt wieder berappelt. Der Star in puncto H\u00f6henzuwachs war ganz klar <i>Ph. nigra \u201aBoryana\u2019<\/i>: Die Pflanze verdreifachte sich fast in Richtung Himmel! Bei den <i>Ph. nigras <\/i>legten zudem<i> \u201aHenonis\u2019 <\/i>und <i>\u201aMegurochiku\u2019 <\/i>ordentlich zu. Besonders f\u00fcr Letzteren hoffen wir nat\u00fcrlich wieder auf einen milden Winter 2013\/14. Auf dass uns die in der H\u00f6he nicht mehr zu sch\u00fctzenden Halme von 2013 erhalten bleiben.<\/p>\n<p style=\"text-align: justify;\">\u00a0<i>Semiarundinaria fastuosa <\/i>haben die Teilung und der Neustart in drei T\u00f6pfen gut getan. Die Idee, die nach mehrmaligen starken Wintersch\u00e4den kraftlos gewordene Pflanze auszugraben und zur Rekonvaleszenz in T\u00f6pfen weiter zu pflegen, fand offensichtlich Anklang.<\/p>\n<p style=\"text-align: justify;\">Apropos T\u00f6pfe: Auch unsere <i>Borindas<\/i> haben sich im vergangenen Jahr alle sehr sch\u00f6n entwickelt. Gerade die erst im Herbst 2012 in die Sammlung aufgenommene <i>Borinda perlonga Yunnan 6 <\/i>scheint sich richtig wohlzuf\u00fchlen. Sie steht in frostfreien Zeiten an der Ostseite des Hauses und bereichert dort unsere Halbschattenoase.<\/p>\n<p style=\"text-align: center;\"><a href=\"https:\/\/www.wildgardening.de\/wp-content\/uploads\/2014\/01\/Borindas_Miscanthus.jpg\"><img decoding=\"async\" loading=\"lazy\" class=\"aligncenter wp-image-1332 size-full\" title=\"Borindas vor Miscanthus x giganteus\" src=\"https:\/\/www.wildgardening.de\/wp-content\/uploads\/2014\/01\/Borindas_Miscanthus.jpg\" alt=\"artenblog | Wild Gardening | schatten| Garten Blog \u00fcber einen Garten in der Heide \" width=\"555\" height=\"369\" srcset=\"https:\/\/www.wildgardening.de\/wp-content\/uploads\/2014\/01\/Borindas_Miscanthus.jpg 555w, https:\/\/www.wildgardening.de\/wp-content\/uploads\/2014\/01\/Borindas_Miscanthus-300x199.jpg 300w\" sizes=\"(max-width: 555px) 100vw, 555px\" \/><\/a><\/p>\n","protected":false},"excerpt":{"rendered":"<p>Nun ist schon fast der Januar wieder rum und gerade fiel mir auf, dass ich noch gar kein Fazit \u00fcber die Entwicklung unserer liebsten Strukturpflanzen in 2013 geschrieben habe &#8230; Daraus k\u00f6nnte man jetzt die Schlussfolgerung ziehen, dass es nichts &hellip; <a href=\"https:\/\/www.wildgardening.de\/?p=1326\">Weiterlesen <span class=\"meta-nav\">&rarr;<\/span><\/a><\/p>\n","protected":false},"author":4,"featured_media":0,"comment_status":"open","ping_status":"closed","sticky":false,"template":"","format":"standard","meta":[],"categories":[8],"tags":[63],"aioseo_notices":[],"_links":{"self":[{"href":"https:\/\/www.wildgardening.de\/index.php?rest_route=\/wp\/v2\/posts\/1326"}],"collection":[{"href":"https:\/\/www.wildgardening.de\/index.php?rest_route=\/wp\/v2\/posts"}],"about":[{"href":"https:\/\/www.wildgardening.de\/index.php?rest_route=\/wp\/v2\/types\/post"}],"author":[{"embeddable":true,"href":"https:\/\/www.wildgardening.de\/index.php?rest_route=\/wp\/v2\/users\/4"}],"replies":[{"embeddable":true,"href":"https:\/\/www.wildgardening.de\/index.php?rest_route=%2Fwp%2Fv2%2Fcomments&post=1326"}],"version-history":[{"count":5,"href":"https:\/\/www.wildgardening.de\/index.php?rest_route=\/wp\/v2\/posts\/1326\/revisions"}],"predecessor-version":[{"id":1727,"href":"https:\/\/www.wildgardening.de\/index.php?rest_route=\/wp\/v2\/posts\/1326\/revisions\/1727"}],"wp:attachment":[{"href":"https:\/\/www.wildgardening.de\/index.php?rest_route=%2Fwp%2Fv2%2Fmedia&parent=1326"}],"wp:term":[{"taxonomy":"category","embeddable":true,"href":"https:\/\/www.wildgardening.de\/index.php?rest_route=%2Fwp%2Fv2%2Fcategories&post=1326"},{"taxonomy":"post_tag","embeddable":true,"href":"https:\/\/www.wildgardening.de\/index.php?rest_route=%2Fwp%2Fv2%2Ftags&post=1326"}],"curies":[{"name":"wp","href":"https:\/\/api.w.org\/{rel}","templated":true}]}}